{"id":194961,"date":"2022-02-14T14:33:00","date_gmt":"2022-02-14T17:33:00","guid":{"rendered":"https:\/\/diarioregionaldigital.com.br\/?p=194961"},"modified":"2022-02-14T14:33:00","modified_gmt":"2022-02-14T17:33:00","slug":"policia-militar-registra-acidente-envolvendo-coletivo-com-varias-vitimas-no-bairro-sao-mateus","status":"publish","type":"post","link":"https:\/\/diarioregionaldigital.com.br\/?p=194961","title":{"rendered":"Pol\u00edcia Militar registra acidente envolvendo coletivo com v\u00e1rias v\u00edtimas no bairro S\u00e3o Mateus"},"content":{"rendered":"<p>No dia 13fev22 por volta das 07h01min, a Pol\u00edcia Militar compareceu na Av Pres Itamar Franco pr\u00f3ximo ao no 2552 no bairro S\u00e3o Mateus para registro de acidente com m\u00faltiplas v\u00edtimas, nenhuma fatal. Segundo relato de populares o coletivo da Empresa Tusmil (carro 525) linha 546 transitava pela via sentido Centro\/bairro, quando sem motivo aparente o referido ve\u00edculo invadiu a cal\u00e7ada, vindo primeiro a chocar-se contra uma estrutura afixada na frente a Padaria Romeu e Julieta, vindo a danificar a cobertura e posteriormente chocou- se contra um poste de ilumina\u00e7\u00e3o p\u00fablica, arrancando-o de sua base e em ato cont\u00ednuo, atingiu os ve\u00edculos MMC L200 e o Fiat Toro, que estavam estacionadas em um recuo de cal\u00e7ada ao lado do im\u00f3vel. Do acidente resultaram 27 v\u00edtimas que estavam no coletivo e 01 pedestre, os quais sofreram algumas escoria\u00e7\u00f5es\/les\u00f5es pelo corpo. V\u00edtimas foram socorridas ao HPS e Hospital Monte Sinai pelo SAMU. Per\u00edcia, CEMIG e Representante da Empresa Tusmil estiveram no local. O condutor do coletivo, um homem de 59 anos, estava abalado e n\u00e3o soube informar o que aconteceu que gerou o acidente.<\/p>\n","protected":false},"excerpt":{"rendered":"<p>No dia 13fev22 por volta das 07h01min, a Pol\u00edcia Militar compareceu na Av Pres Itamar Franco pr\u00f3ximo ao no 2552 no bairro S\u00e3o Mateus para registro de acidente com m\u00faltiplas v\u00edtimas, nenhuma fatal. Segundo relato de populares o coletivo da Empresa Tusmil (carro 525) linha 546 transitava pela via sentido Centro\/bairro, quando sem motivo aparente [&hellip;]<\/p>\n","protected":false},"author":246,"featured_media":194962,"comment_status":"closed","ping_status":"closed","sticky":false,"template":"","format":"standard","meta":{"footnotes":""},"categories":[301,439],"tags":[],"class_list":["post-194961","post","type-post","status-publish","format-standard","has-post-thumbnail","hentry","category-artigos-policiais","category-ultima-hora"],"_links":{"self":[{"href":"https:\/\/diarioregionaldigital.com.br\/index.php?rest_route=\/wp\/v2\/posts\/194961","targetHints":{"allow":["GET"]}}],"collection":[{"href":"https:\/\/diarioregionaldigital.com.br\/index.php?rest_route=\/wp\/v2\/posts"}],"about":[{"href":"https:\/\/diarioregionaldigital.com.br\/index.php?rest_route=\/wp\/v2\/types\/post"}],"author":[{"embeddable":true,"href":"https:\/\/diarioregionaldigital.com.br\/index.php?rest_route=\/wp\/v2\/users\/246"}],"replies":[{"embeddable":true,"href":"https:\/\/diarioregionaldigital.com.br\/index.php?rest_route=%2Fwp%2Fv2%2Fcomments&post=194961"}],"version-history":[{"count":1,"href":"https:\/\/diarioregionaldigital.com.br\/index.php?rest_route=\/wp\/v2\/posts\/194961\/revisions"}],"predecessor-version":[{"id":194963,"href":"https:\/\/diarioregionaldigital.com.br\/index.php?rest_route=\/wp\/v2\/posts\/194961\/revisions\/194963"}],"wp:featuredmedia":[{"embeddable":true,"href":"https:\/\/diarioregionaldigital.com.br\/index.php?rest_route=\/wp\/v2\/media\/194962"}],"wp:attachment":[{"href":"https:\/\/diarioregionaldigital.com.br\/index.php?rest_route=%2Fwp%2Fv2%2Fmedia&parent=194961"}],"wp:term":[{"taxonomy":"category","embeddable":true,"href":"https:\/\/diarioregionaldigital.com.br\/index.php?rest_route=%2Fwp%2Fv2%2Fcategories&post=194961"},{"taxonomy":"post_tag","embeddable":true,"href":"https:\/\/diarioregionaldigital.com.br\/index.php?rest_route=%2Fwp%2Fv2%2Ftags&post=194961"}],"curies":[{"name":"wp","href":"https:\/\/api.w.org\/{rel}","templated":true}]}}