{"id":194951,"date":"2022-02-11T16:33:38","date_gmt":"2022-02-11T19:33:38","guid":{"rendered":"https:\/\/diarioregionaldigital.com.br\/?p=194951"},"modified":"2022-02-11T16:33:38","modified_gmt":"2022-02-11T19:33:38","slug":"ubss-realizam-testagem-de-covid-19-a-partir-de-segunda-feira-14","status":"publish","type":"post","link":"https:\/\/diarioregionaldigital.com.br\/?p=194951","title":{"rendered":"UBSs realizam testagem de Covid-19 a partir de segunda-feira, 14"},"content":{"rendered":"<p>Segundo informa\u00e7\u00f5es do site da Prefeitura de Juiz de Fora,\u00a0 \u00a0as Unidades B\u00e1sicas de Sa\u00fade (UBSs) de Juiz de Fora, ir\u00e3o realizar, a partir de segunda-feira, 14, a testagem de casos suspeitos de pessoas com Covid-19. Desta forma, a Secretaria de Sa\u00fade (SS) da Prefeitura de Juiz de Fora (PJF) amplia a testagem no munic\u00edpio, mantendo as pessoas mais pr\u00f3ximas das unidades, sem grandes deslocamentos.<\/p>\n<p>De acordo com a Subsecret\u00e1ria de Aten\u00e7\u00e3o \u00e0 Sa\u00fade, Joana D\u2019Arc Zanelli, o objetivo \u00e9 justamente atender o usu\u00e1rio em seu pr\u00f3prio territ\u00f3rio, para que o processo seja mais simples para todos. \u201cAtendendo o usu\u00e1rio em sua pr\u00f3pria territorialidade, evitamos deslocamentos de quem eventualmente possa estar contaminado, deixando as pessoas mais seguras. Assim, conseguimos capilarizar a testagem na cidade, e ter com maior precis\u00e3o as \u00e1reas onde est\u00e1 ocorrendo maior n\u00famero de pessoas infectadas pelo coronav\u00edrus\u201d, explica.<\/p>\n<p>Tamb\u00e9m, a partir da pr\u00f3xima semana, o PAM Marechal volta com as consultas e\u00a0 atividades especializadas que haviam sido suspensas para a testagem de Covid-19.O PAM Marechal continua realizando atendimento e testagem para as pessoas da \u00e1rea descoberta, assim como as UBSs de Benfica e Santa Luzia. Estes locais deixam de ser pontos de refer\u00eancia e passam a atuar como unidades regionalizadas em seus respectivos territ\u00f3rios.<\/p>\n<p>A testagem para Covid-19 ainda \u00e9 feita ap\u00f3s uma triagem por profissionais da sa\u00fade.<\/p>\n","protected":false},"excerpt":{"rendered":"<p>Segundo informa\u00e7\u00f5es do site da Prefeitura de Juiz de Fora,\u00a0 \u00a0as Unidades B\u00e1sicas de Sa\u00fade (UBSs) de Juiz de Fora, ir\u00e3o realizar, a partir de segunda-feira, 14, a testagem de casos suspeitos de pessoas com Covid-19. Desta forma, a Secretaria de Sa\u00fade (SS) da Prefeitura de Juiz de Fora (PJF) amplia a testagem no munic\u00edpio, [&hellip;]<\/p>\n","protected":false},"author":246,"featured_media":194952,"comment_status":"closed","ping_status":"closed","sticky":false,"template":"","format":"standard","meta":{"footnotes":""},"categories":[253,436,439],"tags":[],"class_list":["post-194951","post","type-post","status-publish","format-standard","has-post-thumbnail","hentry","category-cidade","category-destaque-da-semana","category-ultima-hora"],"_links":{"self":[{"href":"https:\/\/diarioregionaldigital.com.br\/index.php?rest_route=\/wp\/v2\/posts\/194951","targetHints":{"allow":["GET"]}}],"collection":[{"href":"https:\/\/diarioregionaldigital.com.br\/index.php?rest_route=\/wp\/v2\/posts"}],"about":[{"href":"https:\/\/diarioregionaldigital.com.br\/index.php?rest_route=\/wp\/v2\/types\/post"}],"author":[{"embeddable":true,"href":"https:\/\/diarioregionaldigital.com.br\/index.php?rest_route=\/wp\/v2\/users\/246"}],"replies":[{"embeddable":true,"href":"https:\/\/diarioregionaldigital.com.br\/index.php?rest_route=%2Fwp%2Fv2%2Fcomments&post=194951"}],"version-history":[{"count":1,"href":"https:\/\/diarioregionaldigital.com.br\/index.php?rest_route=\/wp\/v2\/posts\/194951\/revisions"}],"predecessor-version":[{"id":194953,"href":"https:\/\/diarioregionaldigital.com.br\/index.php?rest_route=\/wp\/v2\/posts\/194951\/revisions\/194953"}],"wp:featuredmedia":[{"embeddable":true,"href":"https:\/\/diarioregionaldigital.com.br\/index.php?rest_route=\/wp\/v2\/media\/194952"}],"wp:attachment":[{"href":"https:\/\/diarioregionaldigital.com.br\/index.php?rest_route=%2Fwp%2Fv2%2Fmedia&parent=194951"}],"wp:term":[{"taxonomy":"category","embeddable":true,"href":"https:\/\/diarioregionaldigital.com.br\/index.php?rest_route=%2Fwp%2Fv2%2Fcategories&post=194951"},{"taxonomy":"post_tag","embeddable":true,"href":"https:\/\/diarioregionaldigital.com.br\/index.php?rest_route=%2Fwp%2Fv2%2Ftags&post=194951"}],"curies":[{"name":"wp","href":"https:\/\/api.w.org\/{rel}","templated":true}]}}