{"id":194948,"date":"2022-02-11T16:31:45","date_gmt":"2022-02-11T19:31:45","guid":{"rendered":"https:\/\/diarioregionaldigital.com.br\/?p=194948"},"modified":"2022-02-11T16:31:45","modified_gmt":"2022-02-11T19:31:45","slug":"trecho-entre-cidade-alta-e-parque-das-aguas-recebe-recapeamento-asfaltico","status":"publish","type":"post","link":"https:\/\/diarioregionaldigital.com.br\/?p=194948","title":{"rendered":"Trecho entre Cidade Alta e Parque das \u00c1guas recebe recapeamento asf\u00e1ltico"},"content":{"rendered":"<p>Segundo informa\u00e7\u00f5es do site da Prefeitura de Juiz de Fora,\u00a0 \u00a0em atendimento a solicita\u00e7\u00f5es realizadas por moradores atrav\u00e9s do Gabinete de A\u00e7\u00e3o e Di\u00e1logo Comunit\u00e1rio, trabalhadores da Empresa Municipal de Pavimenta\u00e7\u00e3o e Urbaniza\u00e7\u00e3o (Empav) realizam recapeamento asf\u00e1ltico na Avenida Senhor dos Passos, entre os bairros S\u00e3o Pedro e Parque das \u00c1guas.<\/p>\n<p>Al\u00e9m da Avenida Senhor dos Passos, equipes do setor de pavimenta\u00e7\u00e3o seguem com a opera\u00e7\u00e3o nas ruas Jarbas de Lery Santos e Get\u00falio Vargas, ambas no Centro; Luiz Vilani e Jos\u00e9 Carlos de Leri, em S\u00e3o Judas Tadeu; e nas Avenidas Dr. Sime\u00e3o de Faria, em Santa Cruz, e Juscelino Kubitscheck, na altura do bairro Benfica.<\/p>\n<p>Devido \u00e0 instabilidade clim\u00e1tica, houve um aumento no n\u00famero e nos tamanhos dos buracos pelas vias da cidade. O Programa Boniteza segue com a opera\u00e7\u00e3o tapa-buracos, priorizando, em tempos de baixas temperaturas e grandes volumes de chuvas, os corredores onde h\u00e1 grande fluxo de ve\u00edculos.<\/p>\n<p>A programa\u00e7\u00e3o di\u00e1ria de todas as atividades realizadas pela Empav pode ser acompanhada atrav\u00e9s da p\u00e1gina do Gabinete de A\u00e7\u00e3o e Di\u00e1logo Comunit\u00e1rio, pelo\u00a0<a href=\"https:\/\/www.pjf.mg.gov.br\/gabinetecomunitario\/\">link<\/a>.<\/p>\n<p>Todas as a\u00e7\u00f5es de reestrutura\u00e7\u00e3o, urbaniza\u00e7\u00e3o e zeladoria realizadas pela Empav fazem parte do Programa Boniteza. Voc\u00ea pode solicitar estes e outros servi\u00e7os atrav\u00e9s do Gabinete de A\u00e7\u00e3o e Di\u00e1logo Comunit\u00e1rio, que recebe e organiza pedidos relativos a interven\u00e7\u00f5es e melhorias urbanas. O contato pode ser feito por liga\u00e7\u00e3o telef\u00f4nica, pelo n\u00famero (32) 3690-7241 ou, ainda, via WhatsApp, utilizando o mesmo n\u00famero.<\/p>\n","protected":false},"excerpt":{"rendered":"<p>Segundo informa\u00e7\u00f5es do site da Prefeitura de Juiz de Fora,\u00a0 \u00a0em atendimento a solicita\u00e7\u00f5es realizadas por moradores atrav\u00e9s do Gabinete de A\u00e7\u00e3o e Di\u00e1logo Comunit\u00e1rio, trabalhadores da Empresa Municipal de Pavimenta\u00e7\u00e3o e Urbaniza\u00e7\u00e3o (Empav) realizam recapeamento asf\u00e1ltico na Avenida Senhor dos Passos, entre os bairros S\u00e3o Pedro e Parque das \u00c1guas. Al\u00e9m da Avenida Senhor [&hellip;]<\/p>\n","protected":false},"author":246,"featured_media":194949,"comment_status":"closed","ping_status":"closed","sticky":false,"template":"","format":"standard","meta":{"footnotes":""},"categories":[253,436,439],"tags":[],"class_list":["post-194948","post","type-post","status-publish","format-standard","has-post-thumbnail","hentry","category-cidade","category-destaque-da-semana","category-ultima-hora"],"_links":{"self":[{"href":"https:\/\/diarioregionaldigital.com.br\/index.php?rest_route=\/wp\/v2\/posts\/194948","targetHints":{"allow":["GET"]}}],"collection":[{"href":"https:\/\/diarioregionaldigital.com.br\/index.php?rest_route=\/wp\/v2\/posts"}],"about":[{"href":"https:\/\/diarioregionaldigital.com.br\/index.php?rest_route=\/wp\/v2\/types\/post"}],"author":[{"embeddable":true,"href":"https:\/\/diarioregionaldigital.com.br\/index.php?rest_route=\/wp\/v2\/users\/246"}],"replies":[{"embeddable":true,"href":"https:\/\/diarioregionaldigital.com.br\/index.php?rest_route=%2Fwp%2Fv2%2Fcomments&post=194948"}],"version-history":[{"count":1,"href":"https:\/\/diarioregionaldigital.com.br\/index.php?rest_route=\/wp\/v2\/posts\/194948\/revisions"}],"predecessor-version":[{"id":194950,"href":"https:\/\/diarioregionaldigital.com.br\/index.php?rest_route=\/wp\/v2\/posts\/194948\/revisions\/194950"}],"wp:featuredmedia":[{"embeddable":true,"href":"https:\/\/diarioregionaldigital.com.br\/index.php?rest_route=\/wp\/v2\/media\/194949"}],"wp:attachment":[{"href":"https:\/\/diarioregionaldigital.com.br\/index.php?rest_route=%2Fwp%2Fv2%2Fmedia&parent=194948"}],"wp:term":[{"taxonomy":"category","embeddable":true,"href":"https:\/\/diarioregionaldigital.com.br\/index.php?rest_route=%2Fwp%2Fv2%2Fcategories&post=194948"},{"taxonomy":"post_tag","embeddable":true,"href":"https:\/\/diarioregionaldigital.com.br\/index.php?rest_route=%2Fwp%2Fv2%2Ftags&post=194948"}],"curies":[{"name":"wp","href":"https:\/\/api.w.org\/{rel}","templated":true}]}}