{"id":194945,"date":"2022-02-11T16:21:27","date_gmt":"2022-02-11T19:21:27","guid":{"rendered":"https:\/\/diarioregionaldigital.com.br\/?p=194945"},"modified":"2022-02-11T16:21:27","modified_gmt":"2022-02-11T19:21:27","slug":"prefeita-anuncia-medidas-emergenciais-para-minimizar-danos-aos-moradores-da-rua-vitorino-braga","status":"publish","type":"post","link":"https:\/\/diarioregionaldigital.com.br\/?p=194945","title":{"rendered":"Prefeita anuncia medidas emergenciais para minimizar danos aos moradores da Rua Vitorino Braga"},"content":{"rendered":"<p>Segundo informa\u00e7\u00f5es do site da Prefeitura de Juiz de Fora,\u00a0 na manh\u00e3 desta sexta-feira, 11, a Prefeita Margarida Salom\u00e3o visitou a rua Vitorino Braga. Em conversa com moradores da regi\u00e3o, foram anunciadas as medidas emergenciais que ser\u00e3o implementadas para reduzir os riscos na encosta localizada entre a Rua Rosa Sffeir e a Rua Vitorino Braga, que passou por um escorregamento de talude no dia 11 de janeiro.<\/p>\n<p>A medida mais urgente \u00e9 a de viabilizar a demoli\u00e7\u00e3o de tr\u00eas im\u00f3veis que est\u00e3o com risco iminente de colapsar e ficam localizados no alto da encosta na Rua Rosa Sffeir. Margarida ressalta que a quest\u00e3o ser\u00e1 tratada com exclusividade. \u201cSuspendi todos os compromissos que tinha na parte da tarde para me debru\u00e7ar na solu\u00e7\u00e3o desse problema. N\u00f3s temos uma situa\u00e7\u00e3o em que \u00e9 preciso realizar a demoli\u00e7\u00e3o de dois pr\u00e9dios e de uma casa. No primeiro momento, quem deve fazer a demoli\u00e7\u00e3o \u00e9 o propriet\u00e1rio. Mas, como as pessoas n\u00e3o t\u00eam condi\u00e7\u00f5es financeiras para realizar a obra, a Prefeitura est\u00e1 contratando uma empresa para que o processo seja realizado j\u00e1 na semana que vem. Precisamos preservar a seguran\u00e7a das pessoas\u201d, afirma. A prefeita destaca, ainda, que, ap\u00f3s a demoli\u00e7\u00e3o, ser\u00e1 instalada uma lona imperme\u00e1vel na encosta para impedir que a \u00e1gua encharque o solo e agrave as condi\u00e7\u00f5es de instabilidade.\u00a0 Tamb\u00e9m est\u00e3o sendo realizados estudos t\u00e9cnicos para verificar a necessidade de interdi\u00e7\u00e3o do tr\u00e2nsito na Rua Vitorino Braga.<\/p>\n<p>Com as chuvas dos \u00faltimos dias, a \u00e1gua que atingiu o solo solto proveniente do \u00faltimo escorregamento na encosta gerou lama no local e o material ficou depositado no fundo de im\u00f3veis localizados na rua Vitorino Braga. A rua tamb\u00e9m foi atingida pela lama. Equipes do Demlurb realizaram lava\u00e7\u00e3o e raspagem de lama na via e, nesta sexta-feira, 11, promover\u00e3o a limpeza dentro dos im\u00f3veis. \u201cNesse momento, estamos tomando provid\u00eancias que v\u00e3o ser adotadas com ritmo muito veloz porque trata-se de uma situa\u00e7\u00e3o de emerg\u00eancia. A limpeza ser\u00e1 feita n\u00e3o s\u00f3 na rua como tamb\u00e9m nas casas porque o barro que desceu est\u00e1 tencionando as paredes e as pessoas est\u00e3o com medo da instabilidade de sua pr\u00f3pria casa\u201d, explica a prefeita.<\/p>\n<p><strong>Monitoramento da Defesa Civil\u00a0<\/strong><\/p>\n<p>Desde o escorregamento de solo em janeiro, o local est\u00e1 sendo monitorado diariamente pela Defesa Civil para avaliar a evolu\u00e7\u00e3o do risco. De forma preventiva, os im\u00f3veis localizados no alto da encosta, na rua Rosa Sffeir, e as casas que ficam embaixo do talude, na rua Vitorino Braga, foram interditados. O subsecret\u00e1rio de Prote\u00e7\u00e3o e Defesa Civil, Lu\u00eds Fernando Martins, ressalta que a \u00e1rea \u00e9 classificada como R4, ou seja, de risco muito alto. \u201cO talude que escorregou possui aproximadamente sessenta metros de altura e muitos sinais de instabilidade. Notamos, por exemplo, deforma\u00e7\u00f5es, trincas, ac\u00famulo de entulho e direcionamento incorreto das \u00e1guas pluviais. Desde o primeiro escorregamento, a \u00e1rea passa por constantes vistorias de reavalia\u00e7\u00e3o por parte da Defesa Civil e foi poss\u00edvel verificar a evolu\u00e7\u00e3o das instabilidades presente no talude, assim como das manifesta\u00e7\u00f5es patol\u00f3gicas presentes nas edifica\u00e7\u00f5es localizadas no alto da encosta\u201d, afirma.<\/p>\n<p>Para mitigar o risco e evitar preju\u00edzo estrutural das casas pr\u00f3ximas, os propriet\u00e1rios dos tr\u00eas im\u00f3veis situados no alto do talude na Rua Rosa Sffeir foram notificados para realizar consolida\u00e7\u00e3o ou demoli\u00e7\u00e3o das edifica\u00e7\u00f5es de maneira emergencial. Diante do risco iminente de colapso das edifica\u00e7\u00f5es, os propriet\u00e1rios declararam n\u00e3o terem recurso para realizar a demoli\u00e7\u00e3o e solicitaram apoio da Prefeitura de Juiz de Fora (PJF), que vai contratar uma empresa para que o processo de demoli\u00e7\u00e3o aconte\u00e7a na pr\u00f3xima semana.<\/p>\n<p>Lu\u00eds Fernando Martins ressalta que, ap\u00f3s a demoli\u00e7\u00e3o, ser\u00e1 poss\u00edvel realizar a instala\u00e7\u00e3o de lona para mitigar o risco. \u201cN\u00e3o podemos colocar a lona nas condi\u00e7\u00f5es atuais porque n\u00e3o h\u00e1 local para fixa\u00e7\u00e3o e ancoragem do material. Com a demoli\u00e7\u00e3o dos im\u00f3veis, ser\u00e1 realizada capina na encosta e os profissionais ter\u00e3o seguran\u00e7a para instalar a lona\u201d, explica.<\/p>\n<p>No primeiro momento, a medida preventiva mais importante para garantir a seguran\u00e7a das pessoas foi a interdi\u00e7\u00e3o dos im\u00f3veis que estavam em risco. \u201cTodas as fam\u00edlias afetadas foram atendidas pela equipe de Servi\u00e7o Social da Defesa Civil e assinaram documento confirmando que tinham local para ficar de forma tempor\u00e1ria. Nenhuma pessoa est\u00e1 desabrigada. Aquelas que atendiam aos crit\u00e9rios foram encaminhadas para o aux\u00edlio-moradia\u201d, afirma o subsecret\u00e1rio.<\/p>\n","protected":false},"excerpt":{"rendered":"<p>Segundo informa\u00e7\u00f5es do site da Prefeitura de Juiz de Fora,\u00a0 na manh\u00e3 desta sexta-feira, 11, a Prefeita Margarida Salom\u00e3o visitou a rua Vitorino Braga. Em conversa com moradores da regi\u00e3o, foram anunciadas as medidas emergenciais que ser\u00e3o implementadas para reduzir os riscos na encosta localizada entre a Rua Rosa Sffeir e a Rua Vitorino Braga, [&hellip;]<\/p>\n","protected":false},"author":246,"featured_media":194946,"comment_status":"closed","ping_status":"closed","sticky":false,"template":"","format":"standard","meta":{"footnotes":""},"categories":[253,436,439],"tags":[],"class_list":["post-194945","post","type-post","status-publish","format-standard","has-post-thumbnail","hentry","category-cidade","category-destaque-da-semana","category-ultima-hora"],"_links":{"self":[{"href":"https:\/\/diarioregionaldigital.com.br\/index.php?rest_route=\/wp\/v2\/posts\/194945","targetHints":{"allow":["GET"]}}],"collection":[{"href":"https:\/\/diarioregionaldigital.com.br\/index.php?rest_route=\/wp\/v2\/posts"}],"about":[{"href":"https:\/\/diarioregionaldigital.com.br\/index.php?rest_route=\/wp\/v2\/types\/post"}],"author":[{"embeddable":true,"href":"https:\/\/diarioregionaldigital.com.br\/index.php?rest_route=\/wp\/v2\/users\/246"}],"replies":[{"embeddable":true,"href":"https:\/\/diarioregionaldigital.com.br\/index.php?rest_route=%2Fwp%2Fv2%2Fcomments&post=194945"}],"version-history":[{"count":1,"href":"https:\/\/diarioregionaldigital.com.br\/index.php?rest_route=\/wp\/v2\/posts\/194945\/revisions"}],"predecessor-version":[{"id":194947,"href":"https:\/\/diarioregionaldigital.com.br\/index.php?rest_route=\/wp\/v2\/posts\/194945\/revisions\/194947"}],"wp:featuredmedia":[{"embeddable":true,"href":"https:\/\/diarioregionaldigital.com.br\/index.php?rest_route=\/wp\/v2\/media\/194946"}],"wp:attachment":[{"href":"https:\/\/diarioregionaldigital.com.br\/index.php?rest_route=%2Fwp%2Fv2%2Fmedia&parent=194945"}],"wp:term":[{"taxonomy":"category","embeddable":true,"href":"https:\/\/diarioregionaldigital.com.br\/index.php?rest_route=%2Fwp%2Fv2%2Fcategories&post=194945"},{"taxonomy":"post_tag","embeddable":true,"href":"https:\/\/diarioregionaldigital.com.br\/index.php?rest_route=%2Fwp%2Fv2%2Ftags&post=194945"}],"curies":[{"name":"wp","href":"https:\/\/api.w.org\/{rel}","templated":true}]}}