{"id":194938,"date":"2022-02-11T15:50:53","date_gmt":"2022-02-11T18:50:53","guid":{"rendered":"https:\/\/diarioregionaldigital.com.br\/?p=194938"},"modified":"2022-02-11T15:50:53","modified_gmt":"2022-02-11T18:50:53","slug":"campeonato-carioca-flamengo-supera-audax-por-2-a-1","status":"publish","type":"post","link":"https:\/\/diarioregionaldigital.com.br\/?p=194938","title":{"rendered":"Campeonato Carioca: Flamengo supera Audax por 2 a 1"},"content":{"rendered":"<p>O Flamengo derrotou o Audax por 2 a 1, nesta quinta-feira (10) no est\u00e1dio Raulino de Oliveira, em Volta Redonda, pela 5\u00aa rodada da Ta\u00e7a Guanabara do Campeonato Carioca. Com este resultado o Rubro-Negro se recuperou da derrota de 1 a 0 para o Fluminense no \u00faltimo domingo.<img decoding=\"async\" src=\"https:\/\/agenciabrasil.ebc.com.br\/ebc.png?id=1441693&amp;o=node\" \/><img decoding=\"async\" src=\"https:\/\/agenciabrasil.ebc.com.br\/ebc.gif?id=1441693&amp;o=node\" \/><\/p>\n<p>Ap\u00f3s o triunfo a equipe da G\u00e1vea ocupa a 3\u00aa posi\u00e7\u00e3o da classifica\u00e7\u00e3o com 10 pontos (dependendo do resultado do cl\u00e1ssico entre Fluminense e Botafogo). J\u00e1 a equipe com sede em Angra dos Reis ficou em 9\u00ba com 4 pontos.<\/p>\n<p>Diante de um advers\u00e1rio de menor qualidade t\u00e9cnica, o t\u00e9cnico portugu\u00eas Paulo Sousa optou por rodar o elenco e escalar sua equipe com apenas um zagueiro de of\u00edcio, L\u00e9o Pereira, que foi acompanhado na defesa pelos laterais Isla e Filipe Lu\u00eds.<\/p>\n<p>Com isso, o Flamengo dominou a etapa inicial, valorizando a posse de bola e criando boas oportunidades. Por\u00e9m, mesmo com tamanha superioridade na etapa inicial, o time da G\u00e1vea s\u00f3 abriu o placar pouco antes do intervalo, quando Gabriel Barbosa recebeu de L\u00e1zaro e, mesmo com pouco espa\u00e7o, bateu cruzado para superar o goleiro Max.<\/p>\n<p>Logo aos 8 minutos do segundo tempo o Rubro-Negro ampliou, quando o zagueiro Thom\u00e1s marcou contra ap\u00f3s cobran\u00e7a de falta do meio-campista Andreas Pereira. O Audax ainda chegou a diminuir aos 27 minutos com Hugo Sanches, mas o triunfo final foi mesmo do time da G\u00e1vea.<\/p>\n<p>O Rubro-Negro volta a entrar em campo pela competi\u00e7\u00e3o no domingo (13), quando recebe o Nova Igua\u00e7u. No mesmo dia o Audax mede for\u00e7as com o Boavista.<\/p>\n<p>Fonte: Ag\u00eancia Brasil<\/p>\n","protected":false},"excerpt":{"rendered":"<p>O Flamengo derrotou o Audax por 2 a 1, nesta quinta-feira (10) no est\u00e1dio Raulino de Oliveira, em Volta Redonda, pela 5\u00aa rodada da Ta\u00e7a Guanabara do Campeonato Carioca. Com este resultado o Rubro-Negro se recuperou da derrota de 1 a 0 para o Fluminense no \u00faltimo domingo. Ap\u00f3s o triunfo a equipe da G\u00e1vea [&hellip;]<\/p>\n","protected":false},"author":246,"featured_media":194939,"comment_status":"closed","ping_status":"closed","sticky":false,"template":"","format":"standard","meta":{"footnotes":""},"categories":[436,257,439],"tags":[],"class_list":["post-194938","post","type-post","status-publish","format-standard","has-post-thumbnail","hentry","category-destaque-da-semana","category-esporte","category-ultima-hora"],"_links":{"self":[{"href":"https:\/\/diarioregionaldigital.com.br\/index.php?rest_route=\/wp\/v2\/posts\/194938","targetHints":{"allow":["GET"]}}],"collection":[{"href":"https:\/\/diarioregionaldigital.com.br\/index.php?rest_route=\/wp\/v2\/posts"}],"about":[{"href":"https:\/\/diarioregionaldigital.com.br\/index.php?rest_route=\/wp\/v2\/types\/post"}],"author":[{"embeddable":true,"href":"https:\/\/diarioregionaldigital.com.br\/index.php?rest_route=\/wp\/v2\/users\/246"}],"replies":[{"embeddable":true,"href":"https:\/\/diarioregionaldigital.com.br\/index.php?rest_route=%2Fwp%2Fv2%2Fcomments&post=194938"}],"version-history":[{"count":2,"href":"https:\/\/diarioregionaldigital.com.br\/index.php?rest_route=\/wp\/v2\/posts\/194938\/revisions"}],"predecessor-version":[{"id":194941,"href":"https:\/\/diarioregionaldigital.com.br\/index.php?rest_route=\/wp\/v2\/posts\/194938\/revisions\/194941"}],"wp:featuredmedia":[{"embeddable":true,"href":"https:\/\/diarioregionaldigital.com.br\/index.php?rest_route=\/wp\/v2\/media\/194939"}],"wp:attachment":[{"href":"https:\/\/diarioregionaldigital.com.br\/index.php?rest_route=%2Fwp%2Fv2%2Fmedia&parent=194938"}],"wp:term":[{"taxonomy":"category","embeddable":true,"href":"https:\/\/diarioregionaldigital.com.br\/index.php?rest_route=%2Fwp%2Fv2%2Fcategories&post=194938"},{"taxonomy":"post_tag","embeddable":true,"href":"https:\/\/diarioregionaldigital.com.br\/index.php?rest_route=%2Fwp%2Fv2%2Ftags&post=194938"}],"curies":[{"name":"wp","href":"https:\/\/api.w.org\/{rel}","templated":true}]}}