{"id":194935,"date":"2022-02-11T15:45:11","date_gmt":"2022-02-11T18:45:11","guid":{"rendered":"https:\/\/diarioregionaldigital.com.br\/?p=194935"},"modified":"2022-02-11T15:45:11","modified_gmt":"2022-02-11T18:45:11","slug":"apos-boa-estreia-nicole-mira-vaga-na-final-do-skeleton-neste-sabado","status":"publish","type":"post","link":"https:\/\/diarioregionaldigital.com.br\/?p=194935","title":{"rendered":"Ap\u00f3s boa estreia, Nicole mira vaga na final do skeleton neste s\u00e1bado"},"content":{"rendered":"<p>Esperan\u00e7a de medalha para o Brasil na Olimp\u00edada de Inverno, a ga\u00facha Nicole Silveira, do skeleton, estreou bem na madrugada de hoje (11).\u00a0A ga\u00facha, de 27 anos, ficou\u00a0em 14\u00ba lugar nas primeiras duas qualificat\u00f3rias e volta \u00e0 pista de gelo neste s\u00e1bado (12), \u00e0s 9h20 (hor\u00e1rio de Bras\u00edlia) para a terceira e decisiva prova, que classifica para a disputa final por medalhas, que ocorrer\u00e1 na sequ\u00eancia.\u00a0As atletas com os 20 melhores tempos brigar\u00e3o pelo p\u00f3dio no Centro Nacional de Esportes de Pista, em Yanqing (China).\u00a0A australiana Jaclyn Narracott fez o melhor tempo (2min04s34), seguida das alem\u00e3s HAnnah Neise (2min04s55) e Tina Hermann (2min04s57).<\/p>\n<p>\u201cCom o desempenho, eu posso ficar feliz. As curvas que estava focando nos treinos, consegui acertar. Os lugares que errei n\u00e3o eram os que eu estava perdendo muito tempo. Foram duas curvas que me fizeram perder a velocidade. Se voc\u00ea olhar os intervalos, estava indo bem, ficando at\u00e9 na frente de algumas atletas que terminaram em posi\u00e7\u00f5es acima da minha. Ent\u00e3o, \u00e9 rever os v\u00eddeos para melhorar amanh\u00e3\u201d, analisou Nicole, a primeira representante do Brasil na modalidade em Jogos de inverno.<\/p>\n<p>&nbsp;<\/p>\n<p>Na primeira descida nesta sexta (11), a slider (competidor de skeleton) fez o 12\u00ba melhor tempo (1min02s58) na bateria, e depois ficou na 13\u00aa posi\u00e7\u00e3o (1min02s95) entre 25 participantes.\u00a0 Mas a ga\u00facha pode baixar ainda mais seu tempo: no \u00faltimo treino oficial ela conseguiu concluir a descida em 1min02s29,<\/p>\n<p>Apelidada como \u201ca braba do gelo\u201d nas redes sociais em novembro passado, quado conquistou a Copa Am\u00e9rica, no Canad\u00e1,\u00a0 a ga\u00facha se surpreendeu com o apoio da torcida na estreia. Embora tenha nascido no Brasil, Nicole mora no Canad\u00e1 desde a inf\u00e2ncia.<\/p>\n<p>\u201cEu estava indo dormir e o Brasil estava acordado, mas parei para ver as mensagens e achei que era surreal. Muita felicidade ter a torcida do Brasil inteiro. Tive que silenciar o celular para poder focar s\u00f3 em descer na pista. \u00c0s vezes, \u00e9 dif\u00edcil acreditar que est\u00e1 todo mundo torcendo por mim. Cada mensagem me motiva mais e d\u00e1 um impulso para fazer o meu melhor\u201d, revelou a atleta em depoimento ao Comit\u00ea Ol\u00edmpico do Brasil (COB).<\/p>\n<p><span style=\"font-weight: 400;\">\u00a0<\/span><span style=\"font-weight: 400;\"><br \/>\n<\/span><span style=\"font-weight: 400;\">Fonte: Ag\u00eancia Brasil <\/span><\/p>\n","protected":false},"excerpt":{"rendered":"<p>Esperan\u00e7a de medalha para o Brasil na Olimp\u00edada de Inverno, a ga\u00facha Nicole Silveira, do skeleton, estreou bem na madrugada de hoje (11).\u00a0A ga\u00facha, de 27 anos, ficou\u00a0em 14\u00ba lugar nas primeiras duas qualificat\u00f3rias e volta \u00e0 pista de gelo neste s\u00e1bado (12), \u00e0s 9h20 (hor\u00e1rio de Bras\u00edlia) para a terceira e decisiva prova, que [&hellip;]<\/p>\n","protected":false},"author":246,"featured_media":194936,"comment_status":"closed","ping_status":"closed","sticky":false,"template":"","format":"standard","meta":{"footnotes":""},"categories":[436,257,439],"tags":[],"class_list":["post-194935","post","type-post","status-publish","format-standard","has-post-thumbnail","hentry","category-destaque-da-semana","category-esporte","category-ultima-hora"],"_links":{"self":[{"href":"https:\/\/diarioregionaldigital.com.br\/index.php?rest_route=\/wp\/v2\/posts\/194935","targetHints":{"allow":["GET"]}}],"collection":[{"href":"https:\/\/diarioregionaldigital.com.br\/index.php?rest_route=\/wp\/v2\/posts"}],"about":[{"href":"https:\/\/diarioregionaldigital.com.br\/index.php?rest_route=\/wp\/v2\/types\/post"}],"author":[{"embeddable":true,"href":"https:\/\/diarioregionaldigital.com.br\/index.php?rest_route=\/wp\/v2\/users\/246"}],"replies":[{"embeddable":true,"href":"https:\/\/diarioregionaldigital.com.br\/index.php?rest_route=%2Fwp%2Fv2%2Fcomments&post=194935"}],"version-history":[{"count":1,"href":"https:\/\/diarioregionaldigital.com.br\/index.php?rest_route=\/wp\/v2\/posts\/194935\/revisions"}],"predecessor-version":[{"id":194937,"href":"https:\/\/diarioregionaldigital.com.br\/index.php?rest_route=\/wp\/v2\/posts\/194935\/revisions\/194937"}],"wp:featuredmedia":[{"embeddable":true,"href":"https:\/\/diarioregionaldigital.com.br\/index.php?rest_route=\/wp\/v2\/media\/194936"}],"wp:attachment":[{"href":"https:\/\/diarioregionaldigital.com.br\/index.php?rest_route=%2Fwp%2Fv2%2Fmedia&parent=194935"}],"wp:term":[{"taxonomy":"category","embeddable":true,"href":"https:\/\/diarioregionaldigital.com.br\/index.php?rest_route=%2Fwp%2Fv2%2Fcategories&post=194935"},{"taxonomy":"post_tag","embeddable":true,"href":"https:\/\/diarioregionaldigital.com.br\/index.php?rest_route=%2Fwp%2Fv2%2Ftags&post=194935"}],"curies":[{"name":"wp","href":"https:\/\/api.w.org\/{rel}","templated":true}]}}