{"id":194929,"date":"2022-02-11T15:35:50","date_gmt":"2022-02-11T18:35:50","guid":{"rendered":"https:\/\/diarioregionaldigital.com.br\/?p=194929"},"modified":"2022-02-11T15:35:50","modified_gmt":"2022-02-11T18:35:50","slug":"dirigente-projeta-vela-mais-dinamica-em-paris-com-novas-classes","status":"publish","type":"post","link":"https:\/\/diarioregionaldigital.com.br\/?p=194929","title":{"rendered":"Dirigente projeta vela mais din\u00e2mica em Paris com novas classes"},"content":{"rendered":"<p>A manuten\u00e7\u00e3o de esportes como surfe, skate e escalada nas Olimp\u00edada de Paris (Fran\u00e7a) e Los Angeles (Estados Unidos) evidencia a tentativa do Comit\u00ea Ol\u00edmpico Internacional (COI) de atrair um p\u00fablico mais jovem aos Jogos. N\u00e3o \u00e9 diferente em modalidades consolidadas no programa ol\u00edmpico. \u00c9 o caso da vela, que\u00a0ter\u00e1 duas novas classes na edi\u00e7\u00e3o de 2024, na capital francesa: iQFoil e F\u00f3rmula Kite.<img decoding=\"async\" src=\"https:\/\/agenciabrasil.ebc.com.br\/ebc.png?id=1441778&amp;o=node\" \/><img decoding=\"async\" src=\"https:\/\/agenciabrasil.ebc.com.br\/ebc.gif?id=1441778&amp;o=node\" \/><\/p>\n<p>&#8220;\u00c9 a evolu\u00e7\u00e3o natural do mundo. O jovem de\u00a0hoje\u00a0quer agilidade, cor, emo\u00e7\u00e3o. H\u00e1 uma tend\u00eancia na vela de termos eventos com maior atratividade e menor dura\u00e7\u00e3o, mais emo\u00e7\u00e3o. A [iQ]Foil, por exemplo, \u00e9 basicamente uma prancha \u00e0 vela, que parece voar. Quem\u00a0v\u00ea de longe, pensa que ela est\u00e1 voando a cent\u00edmetros da \u00e1gua. Elas vieram para ficar e acho que \u00e9 uma tend\u00eancia que ser\u00e1 acentuada&#8221;, disse o catarinense Ricardo Navarro, delegado t\u00e9cnico da modalidade nos Jogos de Paris, \u00e0\u00a0<strong>Ag\u00eancia Brasil.<\/p>\n<p><\/strong><\/p>\n<p>Segundo o dirigente brasileiro, de 62 anos, a forma\u00a0de disputa das novas classes tende a ser diferente do tradicional da vela, onde o barco com melhor desempenho\u00a0ap\u00f3s uma s\u00e9rie de regatas sai vencedor. O modelo, de acordo com ele, deve se assemelhar\u00a0\u00e0 SSL Gold Cup, considerada a Copa do Mundo da modalidade, onde as provas\u00a0ter\u00e3o flotilhas com quatro embarca\u00e7\u00f5es, buscando classifica\u00e7\u00e3o \u00e0 etapa seguinte.<\/p>\n<p>&#8220;[O formato] Ser\u00e1 mais din\u00e2mico, com eliminat\u00f3rias, bem interessante. Na prancha, principalmente, teremos v\u00e1rias baterias &#8211; o surfe tem isso &#8211; at\u00e9 que tenhamos uma regata final. N\u00e3o ser\u00e1 aquela modalidade em que todos competem durante sete, oito dias. [A final] N\u00e3o chegar\u00e1 a ser um contra um, pois acaba tirando o brilho do esporte, ficaria mon\u00f3tono. O atleta\u00a0ter\u00e1 que estar muito ligado para n\u00e3o ser eliminado em est\u00e1gios iniciais. Esse processo iniciar\u00e1 em Paris.\u00a0Em 2028, estou seguro, apesar de ainda n\u00e3o estar definido, que isso ser\u00e1 a t\u00f4nica, com certeza, regatas mais curtas e percursos menores&#8221;, disse o delegado.<\/p>\n<p>Os novos eventos, com disputas masculina e feminina, ocupam os lugares\u00a0das classes RS:X (presente nos Jogos de 2008 a 2020) e Finn (que era disputada desde 1952, somente entre homens). Em\u00a0Paris 2024,\u00a0as provas da vela ser\u00e3o na Marina Roucas-Blanc, em Marselha, cidade francesa a mais de 770 quil\u00f4metros da capital e\u00a0acostumada a ser\u00a0sede de competi\u00e7\u00f5es internacionais da modalidade.<\/p>\n<h2>Brasil no comando<\/h2>\n<p>Tanto na iQFoil como na F\u00f3rmula Kite o Brasil tem atletas bem colocados no ranking da World Sailing, federa\u00e7\u00e3o internacional da vela. A primeira tem Mateus Isaac na terceira posi\u00e7\u00e3o entre os homens e Giovanna Prada &#8211; prata nos Jogos Pan-Americanos J\u00fanior de Cali (Col\u00f4mbia), no ano passado &#8211;\u00a0em\u00a0quarto\u00a0no feminino. Na kite, o melhor brasileiro \u00e9 Bruno Lobo, ouro nos Jogos Pan-Americanos de Lima (Peru), em 2019, que aparece em 21\u00ba lugar.<\/p>\n<p>&#8220;[O Brasil] \u00c9 um pa\u00eds com peso na vela. [A indica\u00e7\u00e3o] \u00c9 tamb\u00e9m um reconhecimento ao que o Brasil fez na Olimp\u00edada do Rio [de Janeiro, em 2016] e uma mensagem de oportunidade a novas pessoas, sendo algu\u00e9m da Am\u00e9rica do Sul. A fun\u00e7\u00e3o [delegado t\u00e9cnico] sempre foi exercida pelo presidente [da World Sailing] ou por um vice, que normalmente v\u00eam de centros maiores, como Europa ou Am\u00e9rica do Norte&#8221;, explicou o brasileiro, que j\u00e1\u00a0iniciou o trabalho a caminho da\u00a0quarta\u00a0Olimp\u00edada &#8211; ele foi \u00e1rbitro em duas ocasi\u00f5es (uma como auxiliar, outra como principal) e atuou na organiza\u00e7\u00e3o da Rio 2016.<\/p>\n<p>&#8220;A pandemia [da covid-19] adiou os Jogos de T\u00f3quio [Jap\u00e3o] e criou um problema para Paris. Normalmente, o ciclo ol\u00edmpico \u00e9 de quatro anos. O primeiro \u00e9 de\u00a0instala\u00e7\u00e3o do comit\u00ea organizador.\u00a0A partir do segundo ano \u00e9 que o trabalho para cada esporte come\u00e7a. Paris perdeu esse primeiro ano, ent\u00e3o\u00a0somente no come\u00e7o de 2022 \u00e9 que os delegados t\u00e9cnicos come\u00e7aram a ser definidos. No dia em que fui apontado j\u00e1 me chamaram para reuni\u00f5es&#8221;, concluiu Navarro.<\/p>\n<p>Al\u00e9m de iQFoil e da F\u00f3rmula Kite, a vela na Olimp\u00edada de 2024\u00a0ter\u00e1 as j\u00e1 tradicionais classes\u00a0Laser (masculino), Laser Radial (feminino), 49er (masculino), 49erFX (feminino) e Nacra 17 (misto). A 470 tamb\u00e9m est\u00e1 mantida, mas passa a ser disputada em dupla mista, ao inv\u00e9s de dividida por g\u00eanero.<\/p>\n<p><strong><\/p>\n<p><span style=\"font-weight: 400;\">Fonte: Ag\u00eancia Brasil <\/span><\/strong><\/p>\n","protected":false},"excerpt":{"rendered":"<p>A manuten\u00e7\u00e3o de esportes como surfe, skate e escalada nas Olimp\u00edada de Paris (Fran\u00e7a) e Los Angeles (Estados Unidos) evidencia a tentativa do Comit\u00ea Ol\u00edmpico Internacional (COI) de atrair um p\u00fablico mais jovem aos Jogos. N\u00e3o \u00e9 diferente em modalidades consolidadas no programa ol\u00edmpico. \u00c9 o caso da vela, que\u00a0ter\u00e1 duas novas classes na edi\u00e7\u00e3o [&hellip;]<\/p>\n","protected":false},"author":246,"featured_media":194930,"comment_status":"closed","ping_status":"closed","sticky":false,"template":"","format":"standard","meta":{"footnotes":""},"categories":[436,440,257,439],"tags":[],"class_list":["post-194929","post","type-post","status-publish","format-standard","has-post-thumbnail","hentry","category-destaque-da-semana","category-destaques-do-dia","category-esporte","category-ultima-hora"],"_links":{"self":[{"href":"https:\/\/diarioregionaldigital.com.br\/index.php?rest_route=\/wp\/v2\/posts\/194929","targetHints":{"allow":["GET"]}}],"collection":[{"href":"https:\/\/diarioregionaldigital.com.br\/index.php?rest_route=\/wp\/v2\/posts"}],"about":[{"href":"https:\/\/diarioregionaldigital.com.br\/index.php?rest_route=\/wp\/v2\/types\/post"}],"author":[{"embeddable":true,"href":"https:\/\/diarioregionaldigital.com.br\/index.php?rest_route=\/wp\/v2\/users\/246"}],"replies":[{"embeddable":true,"href":"https:\/\/diarioregionaldigital.com.br\/index.php?rest_route=%2Fwp%2Fv2%2Fcomments&post=194929"}],"version-history":[{"count":1,"href":"https:\/\/diarioregionaldigital.com.br\/index.php?rest_route=\/wp\/v2\/posts\/194929\/revisions"}],"predecessor-version":[{"id":194931,"href":"https:\/\/diarioregionaldigital.com.br\/index.php?rest_route=\/wp\/v2\/posts\/194929\/revisions\/194931"}],"wp:featuredmedia":[{"embeddable":true,"href":"https:\/\/diarioregionaldigital.com.br\/index.php?rest_route=\/wp\/v2\/media\/194930"}],"wp:attachment":[{"href":"https:\/\/diarioregionaldigital.com.br\/index.php?rest_route=%2Fwp%2Fv2%2Fmedia&parent=194929"}],"wp:term":[{"taxonomy":"category","embeddable":true,"href":"https:\/\/diarioregionaldigital.com.br\/index.php?rest_route=%2Fwp%2Fv2%2Fcategories&post=194929"},{"taxonomy":"post_tag","embeddable":true,"href":"https:\/\/diarioregionaldigital.com.br\/index.php?rest_route=%2Fwp%2Fv2%2Ftags&post=194929"}],"curies":[{"name":"wp","href":"https:\/\/api.w.org\/{rel}","templated":true}]}}