{"id":194926,"date":"2022-02-11T15:28:23","date_gmt":"2022-02-11T18:28:23","guid":{"rendered":"https:\/\/diarioregionaldigital.com.br\/?p=194926"},"modified":"2022-02-11T15:28:23","modified_gmt":"2022-02-11T18:28:23","slug":"epamig-celebra-participacao-feminina-no-desenvolvimento-da-pesquisa-agropecuaria","status":"publish","type":"post","link":"https:\/\/diarioregionaldigital.com.br\/?p=194926","title":{"rendered":"Epamig celebra participa\u00e7\u00e3o feminina no desenvolvimento da pesquisa agropecu\u00e1ria"},"content":{"rendered":"<p>Nesta sexta-feira (11\/2), data em que \u00e9 comemorado o Dia Internacional das Mulheres e Meninas, a<a href=\"http:\/\/www.epamig.br\/\" target=\"_blank\" rel=\"noopener\">\u00a0<\/a><a href=\"http:\/\/www.epamig.br\/\" target=\"_blank\" rel=\"noopener\">Empresa de Pesquisa Agropecu\u00e1ria de Minas Gerais (Epamig)<\/a>\u00a0ressalta a import\u00e2ncia da participa\u00e7\u00e3o feminina no desenvolvimento da pesquisa agropecu\u00e1ria.<\/p>\n<p>Na pr\u00e1tica, elas est\u00e3o no corpo t\u00e9cnico da institui\u00e7\u00e3o, composto por 45 mulheres que coordenam 109 dos 223 projetos em execu\u00e7\u00e3o. Esse n\u00famero equivale a cerca de 40% do quadro total.\u00a0 Pela primeira vez, a empresa \u00e9 presidida por uma mulher, Nilda de F\u00e1tima Ferreira Soares, pesquisadora na \u00e1rea de Ci\u00eancia e Tecnologia de Alimentos, que assumiu o cargo em 2019.<\/p>\n<p>Dados levantados pela ONU apontam que, em 2020, as mulheres respondiam por menos de 30% do total mundial de pesquisadores. Nilda Soares, que \u00e9 professora titular licenciada da Universidade Federal de Vi\u00e7osa (UFV), onde tamb\u00e9m foi a primeira mulher a assumir o cargo de reitora, acredita que a educa\u00e7\u00e3o \u00e9 o principal caminho para promover o empoderamento da mulher na ci\u00eancia e nas demais \u00e1reas de atua\u00e7\u00e3o. \u201c\u00c9 um orgulho perceber que, pelo estudo, pela resili\u00eancia e pela persist\u00eancia, a mulher tem buscado seu espa\u00e7o e realizado seu trabalho em prol da equidade e da harmonia em todas \u00e1reas e, em especial, na ci\u00eancia e na tecnologia\u201d, afirma.<\/p>\n<p><strong>Oportunidades<\/strong><\/p>\n<p>A presidente da Epamig destaca ainda que a qualifica\u00e7\u00e3o profissional \u00e9 fundamental na busca por oportunidades mais equ\u00e2nimes e justas. \u201cAl\u00e9m de contarmos com pesquisadoras e pesquisadores altamente qualificados, temos um compromisso com a forma\u00e7\u00e3o de novos profissionais por meio de cursos t\u00e9cnicos e de capacita\u00e7\u00e3o&#8221;.<\/p>\n<p>Ela destaca ainda que a partir deste ano a Epamig passa a disponibilizar cursos superiores e de p\u00f3s-gradua\u00e7\u00e3o, o que representa mais oportunidade para jovens se capacitarem. \u201cTemos tamb\u00e9m a disponibilidade de vagas para bolsistas em diferentes n\u00edveis de forma\u00e7\u00e3o e para estagi\u00e1rios, possibilitando a inicia\u00e7\u00e3o cient\u00edfica desses estudantes\u201d, acrescenta.<\/p>\n<p>O Dia Internacional das Mulheres e Meninas \u00e9 comemorado desde 2015, ap\u00f3s ser estabelecido pela Organiza\u00e7\u00e3o das Na\u00e7\u00f5es Unidas (ONU), por meio da Unesco e da ONU Mulheres. A data tem como objetivo dar visibilidade \u00e0 contribui\u00e7\u00e3o feminina nas \u00e1reas de pesquisa cient\u00edfica e tecnol\u00f3gica e de educa\u00e7\u00e3o.<\/p>\n<p>Fonte: Ag\u00eancia Minas<\/p>\n","protected":false},"excerpt":{"rendered":"<p>Nesta sexta-feira (11\/2), data em que \u00e9 comemorado o Dia Internacional das Mulheres e Meninas, a\u00a0Empresa de Pesquisa Agropecu\u00e1ria de Minas Gerais (Epamig)\u00a0ressalta a import\u00e2ncia da participa\u00e7\u00e3o feminina no desenvolvimento da pesquisa agropecu\u00e1ria. Na pr\u00e1tica, elas est\u00e3o no corpo t\u00e9cnico da institui\u00e7\u00e3o, composto por 45 mulheres que coordenam 109 dos 223 projetos em execu\u00e7\u00e3o. Esse [&hellip;]<\/p>\n","protected":false},"author":246,"featured_media":194927,"comment_status":"closed","ping_status":"closed","sticky":false,"template":"","format":"standard","meta":{"footnotes":""},"categories":[436,254,439],"tags":[],"class_list":["post-194926","post","type-post","status-publish","format-standard","has-post-thumbnail","hentry","category-destaque-da-semana","category-politica","category-ultima-hora"],"_links":{"self":[{"href":"https:\/\/diarioregionaldigital.com.br\/index.php?rest_route=\/wp\/v2\/posts\/194926","targetHints":{"allow":["GET"]}}],"collection":[{"href":"https:\/\/diarioregionaldigital.com.br\/index.php?rest_route=\/wp\/v2\/posts"}],"about":[{"href":"https:\/\/diarioregionaldigital.com.br\/index.php?rest_route=\/wp\/v2\/types\/post"}],"author":[{"embeddable":true,"href":"https:\/\/diarioregionaldigital.com.br\/index.php?rest_route=\/wp\/v2\/users\/246"}],"replies":[{"embeddable":true,"href":"https:\/\/diarioregionaldigital.com.br\/index.php?rest_route=%2Fwp%2Fv2%2Fcomments&post=194926"}],"version-history":[{"count":1,"href":"https:\/\/diarioregionaldigital.com.br\/index.php?rest_route=\/wp\/v2\/posts\/194926\/revisions"}],"predecessor-version":[{"id":194928,"href":"https:\/\/diarioregionaldigital.com.br\/index.php?rest_route=\/wp\/v2\/posts\/194926\/revisions\/194928"}],"wp:featuredmedia":[{"embeddable":true,"href":"https:\/\/diarioregionaldigital.com.br\/index.php?rest_route=\/wp\/v2\/media\/194927"}],"wp:attachment":[{"href":"https:\/\/diarioregionaldigital.com.br\/index.php?rest_route=%2Fwp%2Fv2%2Fmedia&parent=194926"}],"wp:term":[{"taxonomy":"category","embeddable":true,"href":"https:\/\/diarioregionaldigital.com.br\/index.php?rest_route=%2Fwp%2Fv2%2Fcategories&post=194926"},{"taxonomy":"post_tag","embeddable":true,"href":"https:\/\/diarioregionaldigital.com.br\/index.php?rest_route=%2Fwp%2Fv2%2Ftags&post=194926"}],"curies":[{"name":"wp","href":"https:\/\/api.w.org\/{rel}","templated":true}]}}