{"id":194923,"date":"2022-02-11T15:26:42","date_gmt":"2022-02-11T18:26:42","guid":{"rendered":"https:\/\/diarioregionaldigital.com.br\/?p=194923"},"modified":"2022-02-11T15:26:42","modified_gmt":"2022-02-11T18:26:42","slug":"governo-autoriza-obra-aguardada-ha-mais-de-70-anos-no-norte-de-minas","status":"publish","type":"post","link":"https:\/\/diarioregionaldigital.com.br\/?p=194923","title":{"rendered":"Governo autoriza obra aguardada h\u00e1 mais de 70 anos no Norte de Minas"},"content":{"rendered":"<p>O\u00a0<a href=\"https:\/\/www.mg.gov.br\/\" target=\"_blank\" rel=\"noopener\">Governo de Minas<\/a>, por meio da\u00a0<a href=\"http:\/\/www.infraestrutura.mg.gov.br\/\" target=\"_blank\" rel=\"noopener\">Secretaria de Estado de Infraestrutura e Mobilidade (Seinfra)<\/a>\u00a0e\u00a0<a href=\"http:\/\/www.der.mg.gov.br\/\" target=\"_blank\" rel=\"noopener\">Departamento de Edifica\u00e7\u00f5es e Estradas de Rodagem de Minas Gerais (DER-MG)<\/a>, assinou a ordem de in\u00edcio para execu\u00e7\u00e3o das obras de constru\u00e7\u00e3o da ponte sobre o rio S\u00e3o Francisco, na MG-402, localizada no Norte de Minas Gerais.<\/p>\n<p>O documento determina que o cons\u00f3rcio KPE\/NE Ponte MG402, vencedor da licita\u00e7\u00e3o, inicie os trabalhos a partir de 15\/2. Neste primeiro momento, ser\u00e1 realizada a fase de mobiliza\u00e7\u00e3o, que consiste na contrata\u00e7\u00e3o de m\u00e3o de obra, deslocamento de m\u00e1quinas e montagem do canteiro de obras.<\/p>\n<p>\u201cSabemos o quanto a popula\u00e7\u00e3o do Norte de Minas aguarda por esta liga\u00e7\u00e3o. Por isso, as equipes envolvidas com a obra est\u00e3o dedicadas em cumprir todos os prazos, de acordo com o cronograma estabelecido. Conseguimos cumprir nossa primeira meta, de iniciar as obras ainda no in\u00edcio deste ano, e agora vamos trabalhar para conclu\u00ed-la em 24 meses\u201d, ressalta o secret\u00e1rio de Infraestrutura e Mobilidade, Fernando Marcato.<\/p>\n<p>O an\u00fancio da obra foi feito pelo governador Romeu Zema em junho de 2021, em visita ao munic\u00edpio. Na oportunidade, Zema tamb\u00e9m confirmou a pavimenta\u00e7\u00e3o de 73,1 quil\u00f4metros da MG-402, que liga Pint\u00f3polis e Urucuia, e ser\u00e1 importante acesso \u00e0 ponte que ser\u00e1 constru\u00edda. As interven\u00e7\u00f5es, segundo o governador, v\u00e3o proporcionar grandes transforma\u00e7\u00f5es para a regi\u00e3o.<\/p>\n<p><main class=\"clear margin-md-bottom-3\"><\/p>\n<div class=\"clear \">\n<p>\u201cCom as duas interven\u00e7\u00f5es, o mun\u00edcipio pode se transformar numa nova fronteira agr\u00edcola para ajudar alimentar os mineiros e os brasileiros. A regi\u00e3o tem clima, terra e \u00e1gua. Com pouco tempo, passar\u00e1 a ter log\u00edstica tamb\u00e9m\u201d, explicou Romeu Zema, naquela ocasi\u00e3o.<\/p>\n<p><strong>Estrutura<\/strong><\/p>\n<p>A ponte ser\u00e1 uma das maiores j\u00e1 constru\u00eddas no estado, com 1.120 metros de extens\u00e3o e 13,8 metros de largura, al\u00e9m de um acesso de aproximadamente 3 quil\u00f4metros. Para a execu\u00e7\u00e3o de toda obra ser\u00e3o investidos cerca de R$ 113 milh\u00f5es.<\/p>\n<p>Os recursos s\u00e3o originados do Acordo Judicial assinado em fevereiro de 2021, e visam reparar os danos decorrentes do rompimento das barragens da Vale S.A. em Brumadinho. A trag\u00e9dia tirou a vida de 272 pessoas e gerou uma s\u00e9rie de impactos sociais, ambientais e econ\u00f4micos na bacia do Rio Paraopeba e em todo o estado de Minas Gerais.<\/p>\n<p>No Norte de Minas, a travessia do rio S\u00e3o Francisco vem sendo realizada por meio de balsas, que dependem das condi\u00e7\u00f5es clim\u00e1ticas e da capacidade fluvial do rio para realizarem a transposi\u00e7\u00e3o de ve\u00edculos de cargas e de passeio.<\/p>\n<p>Com a constru\u00e7\u00e3o da ponte, a circula\u00e7\u00e3o de mercadorias do setor agropecu\u00e1rio entre as regi\u00f5es Norte e Noroeste de Minas ser\u00e1 facilitada e, tamb\u00e9m, o escoamento da produ\u00e7\u00e3o dos estados de Goi\u00e1s e Mato Grosso para o Nordeste brasileiro. Outro importante benef\u00edcio da obra ser\u00e1 o de ampliar o acesso das cidades norte mineiras ao Distrito Federal, uma vez que, por vias asfaltadas, \u00e9 preciso passar por Pirapora, Jo\u00e3o Pinheiro, Paracatu e Una\u00ed.<\/p>\n<p><strong>Corredor de transporte<\/strong><\/p>\n<p>A ponte que liga S\u00e3o Francisco a Pint\u00f3polis \u00e9 uma demanda antiga dos moradores da regi\u00e3o, que reivindicam a obra desde os anos 1950, \u00e9poca em que Juscelino Kubitschek, ainda candidato ao governo, tinha como mote de campanha o bin\u00f4mio \u201cEnergia e Transporte\u201d.<\/p>\n<p>A obra que fica bem pr\u00f3xima a \u00e1rea urbana da cidade de S\u00e3o Francisco est\u00e1 vinculada \u00e0 execu\u00e7\u00e3o da pavimenta\u00e7\u00e3o do trecho de 73 quil\u00f4metros entre Pint\u00f3polis e Urucuia. Nessa etapa ser\u00e3o investidos R$ 65,5 milh\u00f5es e a previs\u00e3o de in\u00edcio dos trabalhos \u00e9 no in\u00edcio do pr\u00f3ximo ano, com conclus\u00e3o ao final de 2023.<\/p>\n<p>Fonte: Ag\u00eancia Minas<\/p>\n<\/div>\n<p><\/main><\/p>\n","protected":false},"excerpt":{"rendered":"<p>O\u00a0Governo de Minas, por meio da\u00a0Secretaria de Estado de Infraestrutura e Mobilidade (Seinfra)\u00a0e\u00a0Departamento de Edifica\u00e7\u00f5es e Estradas de Rodagem de Minas Gerais (DER-MG), assinou a ordem de in\u00edcio para execu\u00e7\u00e3o das obras de constru\u00e7\u00e3o da ponte sobre o rio S\u00e3o Francisco, na MG-402, localizada no Norte de Minas Gerais. O documento determina que o cons\u00f3rcio [&hellip;]<\/p>\n","protected":false},"author":246,"featured_media":194924,"comment_status":"closed","ping_status":"closed","sticky":false,"template":"","format":"standard","meta":{"footnotes":""},"categories":[436,254,439],"tags":[],"class_list":["post-194923","post","type-post","status-publish","format-standard","has-post-thumbnail","hentry","category-destaque-da-semana","category-politica","category-ultima-hora"],"_links":{"self":[{"href":"https:\/\/diarioregionaldigital.com.br\/index.php?rest_route=\/wp\/v2\/posts\/194923","targetHints":{"allow":["GET"]}}],"collection":[{"href":"https:\/\/diarioregionaldigital.com.br\/index.php?rest_route=\/wp\/v2\/posts"}],"about":[{"href":"https:\/\/diarioregionaldigital.com.br\/index.php?rest_route=\/wp\/v2\/types\/post"}],"author":[{"embeddable":true,"href":"https:\/\/diarioregionaldigital.com.br\/index.php?rest_route=\/wp\/v2\/users\/246"}],"replies":[{"embeddable":true,"href":"https:\/\/diarioregionaldigital.com.br\/index.php?rest_route=%2Fwp%2Fv2%2Fcomments&post=194923"}],"version-history":[{"count":1,"href":"https:\/\/diarioregionaldigital.com.br\/index.php?rest_route=\/wp\/v2\/posts\/194923\/revisions"}],"predecessor-version":[{"id":194925,"href":"https:\/\/diarioregionaldigital.com.br\/index.php?rest_route=\/wp\/v2\/posts\/194923\/revisions\/194925"}],"wp:featuredmedia":[{"embeddable":true,"href":"https:\/\/diarioregionaldigital.com.br\/index.php?rest_route=\/wp\/v2\/media\/194924"}],"wp:attachment":[{"href":"https:\/\/diarioregionaldigital.com.br\/index.php?rest_route=%2Fwp%2Fv2%2Fmedia&parent=194923"}],"wp:term":[{"taxonomy":"category","embeddable":true,"href":"https:\/\/diarioregionaldigital.com.br\/index.php?rest_route=%2Fwp%2Fv2%2Fcategories&post=194923"},{"taxonomy":"post_tag","embeddable":true,"href":"https:\/\/diarioregionaldigital.com.br\/index.php?rest_route=%2Fwp%2Fv2%2Ftags&post=194923"}],"curies":[{"name":"wp","href":"https:\/\/api.w.org\/{rel}","templated":true}]}}