{"id":194915,"date":"2022-02-11T15:15:42","date_gmt":"2022-02-11T18:15:42","guid":{"rendered":"https:\/\/diarioregionaldigital.com.br\/?p=194915"},"modified":"2022-02-11T15:15:42","modified_gmt":"2022-02-11T18:15:42","slug":"governo-de-minas-ira-investir-r-175-milhoes-na-area-da-saude-no-norte-de-minas","status":"publish","type":"post","link":"https:\/\/diarioregionaldigital.com.br\/?p=194915","title":{"rendered":"Governo de Minas ir\u00e1 investir R$ 175 milh\u00f5es na \u00e1rea da Sa\u00fade no Norte de Minas"},"content":{"rendered":"<p>O\u00a0<a href=\"http:\/\/www.mg.gov.br\/\" target=\"_blank\" rel=\"noopener\">Governo de Minas<\/a>\u00a0ir\u00e1 investir R$ 175 milh\u00f5es na \u00e1rea da sa\u00fade na regi\u00e3o Norte do estado. O valor ser\u00e1 destinado a melhorias e amplia\u00e7\u00e3o do acesso aos servi\u00e7os hospitalares em 86 munic\u00edpios, como fortalecimento dos cuidados prim\u00e1rios, retomada de obras de Unidade B\u00e1sica de Sa\u00fade (UBS), compra de ve\u00edculos de transporte de pacientes, leitos e cirurgias eletivas.<\/p>\n<p>O an\u00fancio foi feito nesta sexta-feira (11\/2) pelo governador Romeu Zema e pelo secret\u00e1rio de Estado de\u00a0<a href=\"http:\/\/www.saude.mg.gov.br\/\" target=\"_blank\" rel=\"noopener\">Sa\u00fade<\/a>, o m\u00e9dico F\u00e1bio Baccheretti, durante visita ao Hospital Aroldo Tourinho, em Montes Claros.<\/p>\n<p>\u201cEstamos iniciando um novo momento na Sa\u00fade em Minas. Com a pandemia, todos os nossos esfor\u00e7os foram no sentido de levar adiante o processo de imuniza\u00e7\u00e3o e na amplia\u00e7\u00e3o de leitos. Agora, a Sa\u00fade em Minas precisa e j\u00e1 est\u00e1 recebendo outros investimentos. No ano passado batemos recorde em investimentos em Sa\u00fade, nunca se investiu tanto. Para a regi\u00e3o Norte estamos trazendo recursos de diversas maneiras. Minas Gerais passa a ter condi\u00e7\u00f5es de investir na Sa\u00fade, at\u00e9 porque n\u00e3o estamos gastando dinheiro desnecessariamente naquilo que \u00e9 question\u00e1vel. Somos um governo austero que gasta naquilo que leva benef\u00edcio para o cidad\u00e3o e n\u00e3o privil\u00e9gio para poucos\u201d, afirmou o governador Romeu Zema, durante coletiva \u00e0 imprensa. Ele esteve acompanhado de secret\u00e1rios de Estado, deputados federais e estaduais.<\/p>\n<p><strong>Cuidados prim\u00e1rios<\/strong><\/p>\n<p>A maior parte do investimento, cerca de R$ 100 milh\u00f5es, ser\u00e1 aplicada no fortalecimento dos cuidados prim\u00e1rios. Isso representa o aprimoramento do atendimento de consultas m\u00e9dicas, de enfermagem, odontol\u00f3gicas, vacinas, curativos e sa\u00fade da fam\u00edlia. Esse atendimento \u00e9 fundamental para a\u00a0 preven\u00e7\u00e3o de doen\u00e7as e ajuda a reduzir os casos mais complexos. Em 2021, em todo estado, foram empregados R$ 857 milh\u00f5es na Aten\u00e7\u00e3o Prim\u00e1ria \u00e0 Sa\u00fade (APS). Esse \u00e9 o maior valor j\u00e1 investido na hist\u00f3ria de Minas e supera os investimentos acumulado dos \u00faltimos quatro anos.<\/p>\n<p>O secret\u00e1rio de Sa\u00fade, o m\u00e9dico F\u00e1bio Baccheretti, explicou a import\u00e2ncia destes investimentos na regi\u00e3o.<\/p>\n<p>\u201cO legado mais importante da pandemia, al\u00e9m da vacina, s\u00e3o os leitos de UTI. Aqui no Aroldo Tourinho ficaram cinco leitos de CTI adulto como legado. E n\u00f3s estamos dobrando o valor repassado para custeio. Por muito tempo a regi\u00e3o Norte foi deixada de lado, ent\u00e3o s\u00e3o mais de 70 leitos que ficar\u00e3o ativos por aqui\u201d, afirmou Baccheretti.<\/p>\n<p><strong>UBS<\/strong><\/p>\n<p>Obras de 15 Unidades B\u00e1sicas de Sa\u00fade (UBSs) poder\u00e3o ser retomadas com o aporte de R$ 9,6 milh\u00f5es. Em Montes Claros, ser\u00e3o destinados R$ 1,8 milh\u00e3o para conclus\u00e3o de duas novas UBS. Uma est\u00e1 no bairro Vila An\u00e1lia e a outra no Bairro Village do Lago III. As obras estavam paradas desde 2014 e o pagamento para a retomada est\u00e1 previsto para abril. Al\u00e9m de Montes Claros, ser\u00e3o contempladas as cidades de Bocai\u00fava, Botumirim, Buritizeiro, Espinosa, Gr\u00e3o Mogol, Ja\u00edba, Montalv\u00e2nia, Montezuma, Pirapora, Porteirinha, Rio Pardo de Minas e Verdel\u00e2ndia.<\/p>\n<p>Para que o atendimento m\u00e9dico seja garantido a todos, o Governo de Minas tamb\u00e9m destinou R$ 24 milh\u00f5es para a compra de ve\u00edculos de transporte sanit\u00e1rio eletivo, que ser\u00e3o entregues em 84 munic\u00edpios. Dessa forma, as pessoas que precisam se deslocar para fazer exames ou consultas especializadas fora de seu domic\u00edlio poder\u00e3o viajar com mais seguran\u00e7a e conforto.<\/p>\n<p><strong>Cirurgias eletivas<\/strong><\/p>\n<p>Por meio do Opera Mais, Minas Gerais, a regi\u00e3o Norte ter\u00e1 um aporte de R$ 11,5 milh\u00f5es para desafogar a fila de cirurgias eletivas que ficaram represadas durante a pandemia. O programa \u00e9 mais uma a\u00e7\u00e3o da Pol\u00edtica de Aten\u00e7\u00e3o Hospitalar, dentro do Valora Minas. O Estado tamb\u00e9m investiu R$ 6,6 milh\u00f5es para a capacita\u00e7\u00e3o profissional por meio do programa Sa\u00fade em Rede.<\/p>\n<p>Cinco munic\u00edpios ainda receber\u00e3o repasse de R$ 2 milh\u00f5es para amplia\u00e7\u00e3o da Aten\u00e7\u00e3o Especializada em Doen\u00e7a Renal Cr\u00f4nica, beneficiando os pacientes que precisam de hemodi\u00e1lise. Ainda foram empenhados R$ 15 milh\u00f5es para que dez hospitais possam adquirir novos tom\u00f3grafos e modernizar os equipamentos existentes.<\/p>\n<p>O Norte de Minas teve 78 leitos de UTI incorporados em oito hospitais. A quantidade de leitos pedi\u00e1tricos cresceu 250% em fevereiro de 2022 comparado com o mesmo m\u00eas em 2020. J\u00e1 o n\u00famero de UTI adulto aumentou 56% nesse per\u00edodo. Como incentivo para a manuten\u00e7\u00e3o de leitos adicionais para tratamento da covid, o Governo de Minas pagar\u00e1 R$ 4,4 milh\u00f5es.<\/p>\n<p><strong>Valora Minas<\/strong><\/p>\n<p>Al\u00e9m desses investimentos, a regi\u00e3o Norte tamb\u00e9m contar\u00e1 com um aumento de 87% no financiamento hospitalar.\u00a0 Desenvolvido pela Secretaria de Estado de Sa\u00fade (SES-MG), o Valora Minas representa a reestrutura\u00e7\u00e3o da antiga Pol\u00edtica de Aten\u00e7\u00e3o Hospitalar do Estado, vigente desde 2003. A nova proposta leva em considera\u00e7\u00e3o as necessidades da popula\u00e7\u00e3o, corrigindo diferen\u00e7as na aplica\u00e7\u00e3o de recursos entre as regi\u00f5es. Ao todo, o governo vai destinar R$ 1 bilh\u00e3o para investimentos.<\/p>\n<p>O objetivo \u00e9 ampliar o acesso e melhorar a qualidade dos servi\u00e7os prestados \u00e0 popula\u00e7\u00e3o, aumentar a oferta de leitos e servi\u00e7os, principalmente nas especialidades de m\u00e9dia complexidade.<\/p>\n<p>Com a nova pol\u00edtica, a regi\u00e3o Norte do estado recebeu R$ 35 milh\u00f5es a mais no \u00faltimo ano em compara\u00e7\u00e3o com 2020. Ao todo, foram R$ 76,5 milh\u00f5es investidos pelo programa na regi\u00e3o, o que corresponde a um aumento de 87% em 2021.<\/p>\n<p><strong>Recursos para Montes Claros<\/strong><\/p>\n<p>Por meio do Valora Minas, Montes Claros teve um acr\u00e9scimo de 72% nos repasses para a aten\u00e7\u00e3o hospitalar em 2021, tendo recebido R$ 31,2 milh\u00f5es. Em 2020, o valor empenhado ao munic\u00edpio foi de R$ 18,7 milh\u00f5es. Foram R$ 12,4 milh\u00f5es a mais para a assist\u00eancia \u00e0 sa\u00fade.<\/p>\n<p>O Hospital Aroldo Tourinho, visitado pelo governador Romeu Zema, recebeu incremento de 86% nos repasses por meio do Valora Minas, o que representou, em recursos, incremento de R$ 2,9 milh\u00f5es. Em 2021, ao todo, a unidade de sa\u00fade recebeu R$ 6,3 milh\u00f5es.<\/p>\n<p>\u201c\u00c9 a primeira vez que o hospital recebe a visita de um governador. Isso representa a possibilidade de ampliar ainda mais a nossa assist\u00eancia \u00e0 popula\u00e7\u00e3o do Norte de Minas e Montes Claros e consolidar a parceria com o governo do Estado. Destacamos a import\u00e2ncia dessa visita para o Hospital Aroldo Tourinho, que atende quase que 70% SUS em toda regi\u00e3o\u201d, afirmou o presidente da Funda\u00e7\u00e3o Hospitalar de Montes Claros, Paulo C\u00e9sar Gon\u00e7alves de Almeida.<\/p>\n<p>O munic\u00edpio de Montes Claros ainda receber\u00e1 R$ 8,1 milh\u00f5es para investir na Aten\u00e7\u00e3o Prim\u00e1ria \u00e0 Sa\u00fade (APS). Tamb\u00e9m j\u00e1 foi repassado R$ 1,6 milh\u00e3o referente ao programa Opera Mais, Minas Gerais para a realiza\u00e7\u00e3o de cirurgias eletivas.<\/p>\n<p><strong>Leitos UTI<\/strong><\/p>\n<p>Montes Claros teve 42 leitos de UTI \u2013 criados para atendimento de covid-19 \u2013 incorporados ao atendimento geral. Dez deles s\u00e3o de UTI pedi\u00e1trica no Hospital das Cl\u00ednicas Doutor M\u00e1rio Ribeiro da Silveira. Dos 32 leitos de UTI para adultos, 22 foram para o Hospital das Cl\u00ednicas Doutor M\u00e1rio Ribeiro da Silveira, 5 para o Hospital Aroldo Tourinho, 3 no\u00a0<a href=\"https:\/\/unimontes.br\/unidades\/hospital-universitario\/\" target=\"_blank\" rel=\"noopener\">Hospital Universit\u00e1rio Clemente Faria<\/a>\u00a0e 2 no Hospital Dilson Godinho. Para leitos adicionais de covid-19, o munic\u00edpio ser\u00e1 contemplado com R$ 1,3 milh\u00e3o.<\/p>\n<p>Como uma das cidades refer\u00eancia no atendimento de pessoas com doen\u00e7a renal cr\u00f4nica na regi\u00e3o, Montes Claros tamb\u00e9m foi contemplada com R$ 760 mil para o Hospital Dilson Godinho e a Santa Casa, que oferecem servi\u00e7os de hemodi\u00e1lise. Os tom\u00f3grafos desses dois hospitais ser\u00e3o modernizados.<\/p>\n<p>Foto: Cristiano Machado \/ Imprensa MG<\/p>\n","protected":false},"excerpt":{"rendered":"<p>O\u00a0Governo de Minas\u00a0ir\u00e1 investir R$ 175 milh\u00f5es na \u00e1rea da sa\u00fade na regi\u00e3o Norte do estado. O valor ser\u00e1 destinado a melhorias e amplia\u00e7\u00e3o do acesso aos servi\u00e7os hospitalares em 86 munic\u00edpios, como fortalecimento dos cuidados prim\u00e1rios, retomada de obras de Unidade B\u00e1sica de Sa\u00fade (UBS), compra de ve\u00edculos de transporte de pacientes, leitos e [&hellip;]<\/p>\n","protected":false},"author":246,"featured_media":194916,"comment_status":"closed","ping_status":"closed","sticky":false,"template":"","format":"standard","meta":{"footnotes":""},"categories":[436,440,254,439],"tags":[],"class_list":["post-194915","post","type-post","status-publish","format-standard","has-post-thumbnail","hentry","category-destaque-da-semana","category-destaques-do-dia","category-politica","category-ultima-hora"],"_links":{"self":[{"href":"https:\/\/diarioregionaldigital.com.br\/index.php?rest_route=\/wp\/v2\/posts\/194915","targetHints":{"allow":["GET"]}}],"collection":[{"href":"https:\/\/diarioregionaldigital.com.br\/index.php?rest_route=\/wp\/v2\/posts"}],"about":[{"href":"https:\/\/diarioregionaldigital.com.br\/index.php?rest_route=\/wp\/v2\/types\/post"}],"author":[{"embeddable":true,"href":"https:\/\/diarioregionaldigital.com.br\/index.php?rest_route=\/wp\/v2\/users\/246"}],"replies":[{"embeddable":true,"href":"https:\/\/diarioregionaldigital.com.br\/index.php?rest_route=%2Fwp%2Fv2%2Fcomments&post=194915"}],"version-history":[{"count":1,"href":"https:\/\/diarioregionaldigital.com.br\/index.php?rest_route=\/wp\/v2\/posts\/194915\/revisions"}],"predecessor-version":[{"id":194917,"href":"https:\/\/diarioregionaldigital.com.br\/index.php?rest_route=\/wp\/v2\/posts\/194915\/revisions\/194917"}],"wp:featuredmedia":[{"embeddable":true,"href":"https:\/\/diarioregionaldigital.com.br\/index.php?rest_route=\/wp\/v2\/media\/194916"}],"wp:attachment":[{"href":"https:\/\/diarioregionaldigital.com.br\/index.php?rest_route=%2Fwp%2Fv2%2Fmedia&parent=194915"}],"wp:term":[{"taxonomy":"category","embeddable":true,"href":"https:\/\/diarioregionaldigital.com.br\/index.php?rest_route=%2Fwp%2Fv2%2Fcategories&post=194915"},{"taxonomy":"post_tag","embeddable":true,"href":"https:\/\/diarioregionaldigital.com.br\/index.php?rest_route=%2Fwp%2Fv2%2Ftags&post=194915"}],"curies":[{"name":"wp","href":"https:\/\/api.w.org\/{rel}","templated":true}]}}