{"id":194909,"date":"2022-02-11T15:01:40","date_gmt":"2022-02-11T18:01:40","guid":{"rendered":"https:\/\/diarioregionaldigital.com.br\/?p=194909"},"modified":"2022-02-11T15:01:40","modified_gmt":"2022-02-11T18:01:40","slug":"caixa-paga-abono-salarial-para-trabalhadores-nascidos-em-fevereiro","status":"publish","type":"post","link":"https:\/\/diarioregionaldigital.com.br\/?p=194909","title":{"rendered":"Caixa paga abono salarial para trabalhadores nascidos em fevereiro"},"content":{"rendered":"<p>Os trabalhadores da iniciativa privada nascidos em fevereiro recebem hoje (10) o abono salarial ano-base 2020.\u00a0<a href=\"https:\/\/agenciabrasil.ebc.com.br\/economia\/noticia\/2022-01\/veja-o-calendario-de-pagamento-do-abono-salarial-de-2022\" target=\"_blank\" rel=\"noopener\">A libera\u00e7\u00e3o come\u00e7ou na \u00faltima ter\u00e7a-feira<\/a>\u00a0(8) e seguir\u00e1 at\u00e9 31 de mar\u00e7o, baseado no m\u00eas de nascimento do benefici\u00e1rio.<img decoding=\"async\" src=\"https:\/\/agenciabrasil.ebc.com.br\/ebc.png?id=1441558&amp;o=node\" \/><img decoding=\"async\" src=\"https:\/\/agenciabrasil.ebc.com.br\/ebc.gif?id=1441558&amp;o=node\" \/><\/p>\n<p>O abono salarial de at\u00e9 um sal\u00e1rio m\u00ednimo \u00e9 pago aos trabalhadores inscritos no Programa de Integra\u00e7\u00e3o Social (PIS) ou no Programa de Forma\u00e7\u00e3o do Patrim\u00f4nio do Servidor P\u00fablico (Pasep) h\u00e1 pelo menos cinco anos. Recebe o abono agora quem trabalhou formalmente por pelo menos 30 dias em 2020, com remunera\u00e7\u00e3o mensal m\u00e9dia de at\u00e9 dois sal\u00e1rios m\u00ednimos.<\/p>\n<p>Para servidores p\u00fablicos, militares e empregados de estatais, inscritos no Pasep, o pagamento tem in\u00edcio em 15 de fevereiro e vai at\u00e9 4 de mar\u00e7o, pelo Banco do Brasil.<\/p>\n<p>Trabalhadores da iniciativa privada que recebem pela Caixa Econ\u00f4mica Federal. Veja a tabela:<\/p>\n<table class=\"dcf-table dcf-table-responsive dcf-table-bordered dcf-table-striped dcf-w-100%\">\n<thead>\n<tr>\n<th scope=\"col\">M\u00eas de nascimento<\/th>\n<th scope=\"col\">Data do pagamento<\/th>\n<\/tr>\n<\/thead>\n<tbody>\n<tr>\n<th scope=\"row\">Janeiro<\/th>\n<td data-label=\"Data do pagamento\">8 de fevereiro<\/td>\n<\/tr>\n<tr>\n<th scope=\"row\">Fevereiro<\/th>\n<td data-label=\"Data do pagamento\">10 de fevereiro<\/td>\n<\/tr>\n<tr>\n<th scope=\"row\">Mar\u00e7o<\/th>\n<td data-label=\"Data do pagamento\">15 de fevereiro<\/td>\n<\/tr>\n<tr>\n<th scope=\"row\">Abril<\/th>\n<td data-label=\"Data do pagamento\">17 de fevereiro<\/td>\n<\/tr>\n<tr>\n<th scope=\"row\">Maio<\/th>\n<td data-label=\"Data do pagamento\">22 de fevereiro<\/td>\n<\/tr>\n<tr>\n<th scope=\"row\">Junho<\/th>\n<td data-label=\"Data do pagamento\">24 de fevereiro<\/td>\n<\/tr>\n<tr>\n<th scope=\"row\">Julho<\/th>\n<td data-label=\"Data do pagamento\">15 de mar\u00e7o<\/td>\n<\/tr>\n<tr>\n<th scope=\"row\">Agosto<\/th>\n<td data-label=\"Data do pagamento\">17 de mar\u00e7o<\/td>\n<\/tr>\n<tr>\n<th scope=\"row\">Setembro<\/th>\n<td data-label=\"Data do pagamento\">22 de mar\u00e7o<\/td>\n<\/tr>\n<tr>\n<th scope=\"row\">Outubro<\/th>\n<td data-label=\"Data do pagamento\">24 de mar\u00e7o<\/td>\n<\/tr>\n<tr>\n<th scope=\"row\">Novembro<\/th>\n<td data-label=\"Data do pagamento\">29 de mar\u00e7o<\/td>\n<\/tr>\n<tr>\n<th scope=\"row\">Dezembro<\/th>\n<td data-label=\"Data do pagamento\">31 de mar\u00e7o<\/td>\n<\/tr>\n<\/tbody>\n<\/table>\n<p>Trabalhadores do setor p\u00fablico, que recebem pelo Banco do Brasil. Veja a tabela:<\/p>\n<table class=\"dcf-table dcf-table-responsive dcf-table-bordered dcf-table-striped dcf-w-100%\">\n<thead>\n<tr>\n<th scope=\"col\">Final da inscri\u00e7\u00e3o<\/th>\n<th scope=\"col\">Data do pagamento<\/th>\n<\/tr>\n<\/thead>\n<tbody>\n<tr>\n<th scope=\"row\">0<\/th>\n<td data-label=\"Data do pagamento\">15 de fevereiro<\/td>\n<\/tr>\n<tr>\n<th scope=\"row\">1<\/th>\n<td data-label=\"Data do pagamento\">15 de fevereiro<\/td>\n<\/tr>\n<tr>\n<th scope=\"row\">2<\/th>\n<td data-label=\"Data do pagamento\">17 de fevereiro<\/td>\n<\/tr>\n<tr>\n<th scope=\"row\">3<\/th>\n<td data-label=\"Data do pagamento\">17 de fevereiro<\/td>\n<\/tr>\n<tr>\n<th scope=\"row\">4<\/th>\n<td data-label=\"Data do pagamento\">22 de fevereiro<\/td>\n<\/tr>\n<tr>\n<th scope=\"row\">5<\/th>\n<td data-label=\"Data do pagamento\">24 de fevereiro<\/td>\n<\/tr>\n<tr>\n<th scope=\"row\">6<\/th>\n<td data-label=\"Data do pagamento\">15 de mar\u00e7o<\/td>\n<\/tr>\n<tr>\n<th scope=\"row\">7<\/th>\n<td data-label=\"Data do pagamento\">17 de mar\u00e7o<\/td>\n<\/tr>\n<tr>\n<th scope=\"row\">8<\/th>\n<td data-label=\"Data do pagamento\">22 de mar\u00e7o<\/td>\n<\/tr>\n<tr>\n<th scope=\"row\">9<\/th>\n<td data-label=\"Data do pagamento\">24 de mar\u00e7o<\/td>\n<\/tr>\n<\/tbody>\n<\/table>\n<p>Os valores pagos a cada trabalhador variam de acordo com a quantidade de dias trabalhados durante o ano-base 2020.<\/p>\n<p>Devem receber o benef\u00edcio cerca de 22 milh\u00f5es de trabalhadores, com valor total de mais de R$ 20 bilh\u00f5es. Os recursos v\u00eam do Fundo de Amparo ao Trabalhador (FAT).<\/p>\n<p>A Caixa informou que o cr\u00e9dito ser\u00e1 depositado automaticamente para quem tem conta no banco. Os demais benefici\u00e1rios receber\u00e3o os valores por meio da Poupan\u00e7a Social Digital, podendo ser movimentada pelo aplicativo Caixa Tem.<\/p>\n<p>Caso n\u00e3o seja poss\u00edvel a abertura da conta digital, o saque poder\u00e1 ser realizado com o Cart\u00e3o do Cidad\u00e3o e senha nos terminais de autoatendimento, unidades lot\u00e9ricas, Caixa Aqui ou ag\u00eancias, sempre de acordo com o calend\u00e1rio de pagamento.<\/p>\n<p>Para os benefici\u00e1rios residentes nos munic\u00edpios da Bahia e de Minas Gerais em situa\u00e7\u00e3o de emerg\u00eancia, devido \u00e0s fortes chuvas,\u00a0<a href=\"https:\/\/agenciabrasil.ebc.com.br\/economia\/noticia\/2022-01\/moradores-de-cidades-MG-e-BA-sacarao-abono-salarial-antecipado\" target=\"_blank\" rel=\"noopener\">o pagamento foi liberado no \u00faltimo dia 8<\/a>, independentemente do m\u00eas de nascimento.<\/p>\n<p>Fonte: Ag\u00eancia Brasil<\/p>\n","protected":false},"excerpt":{"rendered":"<p>Os trabalhadores da iniciativa privada nascidos em fevereiro recebem hoje (10) o abono salarial ano-base 2020.\u00a0A libera\u00e7\u00e3o come\u00e7ou na \u00faltima ter\u00e7a-feira\u00a0(8) e seguir\u00e1 at\u00e9 31 de mar\u00e7o, baseado no m\u00eas de nascimento do benefici\u00e1rio. O abono salarial de at\u00e9 um sal\u00e1rio m\u00ednimo \u00e9 pago aos trabalhadores inscritos no Programa de Integra\u00e7\u00e3o Social (PIS) ou no [&hellip;]<\/p>\n","protected":false},"author":246,"featured_media":194910,"comment_status":"closed","ping_status":"closed","sticky":false,"template":"","format":"standard","meta":{"footnotes":""},"categories":[436,261,439],"tags":[],"class_list":["post-194909","post","type-post","status-publish","format-standard","has-post-thumbnail","hentry","category-destaque-da-semana","category-economia","category-ultima-hora"],"_links":{"self":[{"href":"https:\/\/diarioregionaldigital.com.br\/index.php?rest_route=\/wp\/v2\/posts\/194909","targetHints":{"allow":["GET"]}}],"collection":[{"href":"https:\/\/diarioregionaldigital.com.br\/index.php?rest_route=\/wp\/v2\/posts"}],"about":[{"href":"https:\/\/diarioregionaldigital.com.br\/index.php?rest_route=\/wp\/v2\/types\/post"}],"author":[{"embeddable":true,"href":"https:\/\/diarioregionaldigital.com.br\/index.php?rest_route=\/wp\/v2\/users\/246"}],"replies":[{"embeddable":true,"href":"https:\/\/diarioregionaldigital.com.br\/index.php?rest_route=%2Fwp%2Fv2%2Fcomments&post=194909"}],"version-history":[{"count":1,"href":"https:\/\/diarioregionaldigital.com.br\/index.php?rest_route=\/wp\/v2\/posts\/194909\/revisions"}],"predecessor-version":[{"id":194911,"href":"https:\/\/diarioregionaldigital.com.br\/index.php?rest_route=\/wp\/v2\/posts\/194909\/revisions\/194911"}],"wp:featuredmedia":[{"embeddable":true,"href":"https:\/\/diarioregionaldigital.com.br\/index.php?rest_route=\/wp\/v2\/media\/194910"}],"wp:attachment":[{"href":"https:\/\/diarioregionaldigital.com.br\/index.php?rest_route=%2Fwp%2Fv2%2Fmedia&parent=194909"}],"wp:term":[{"taxonomy":"category","embeddable":true,"href":"https:\/\/diarioregionaldigital.com.br\/index.php?rest_route=%2Fwp%2Fv2%2Fcategories&post=194909"},{"taxonomy":"post_tag","embeddable":true,"href":"https:\/\/diarioregionaldigital.com.br\/index.php?rest_route=%2Fwp%2Fv2%2Ftags&post=194909"}],"curies":[{"name":"wp","href":"https:\/\/api.w.org\/{rel}","templated":true}]}}