{"id":194906,"date":"2022-02-11T14:56:20","date_gmt":"2022-02-11T17:56:20","guid":{"rendered":"https:\/\/diarioregionaldigital.com.br\/?p=194906"},"modified":"2022-02-11T14:56:20","modified_gmt":"2022-02-11T17:56:20","slug":"consumo-domestico-cresce-304-em-2021-mostra-pesquisa","status":"publish","type":"post","link":"https:\/\/diarioregionaldigital.com.br\/?p=194906","title":{"rendered":"Consumo dom\u00e9stico cresce 3,04% em 2021, mostra pesquisa"},"content":{"rendered":"<p>O consumo nos lares brasileiros manteve trajet\u00f3ria positiva de crescimento e encerrou 2021 com alta acumulada de 3,04%. O \u00edndice \u00e9 monitorado mensalmente pela Associa\u00e7\u00e3o Brasileira de Supermercados (Abras) e foi divulgado nesta quinta-feira (10) em entrevista\u00a0<em>online<\/em>.<\/p>\n<p>Em dezembro do ano passado, o consumo dom\u00e9stico subiu 4,27% em rela\u00e7\u00e3o ao mesmo per\u00edodo anterior. Na compara\u00e7\u00e3o entre dezembro e novembro de 2021, o consumo real foi mais acentuado e registrou alta de 22,47%.<\/p>\n<p>Segundo a Abras, os indicadores j\u00e1 foram deflacionados pelo \u00cdndice Nacional de Pre\u00e7os ao Consumidor Amplo (IPCA), medido pelo Instituto Brasileiro de Geografia e Estat\u00edstica (IBGE).<\/p>\n<p>O monitoramento mensal do consumo nos lares Abras abrange todos os formatos operados pelo setor supermercadista, como lojas de vizinhan\u00e7a, minimercados, supermercados, hipermercados, atacarejos e\u00a0<em>e-commerce\u00a0<\/em>(com\u00e9rcio eletr\u00f4nico).<img decoding=\"async\" src=\"https:\/\/agenciabrasil.ebc.com.br\/ebc.png?id=1441522&amp;o=node\" \/><img decoding=\"async\" src=\"https:\/\/agenciabrasil.ebc.com.br\/ebc.gif?id=1441522&amp;o=node\" \/><\/p>\n<h2>Expectativa<\/h2>\n<p>De acordo com o vice-presidente institucional da Abras, Marcio Milan, para 2022, espera-se crescimento de 2,8% no setor. \u201cEsperamos manter esse crescimento em fun\u00e7\u00e3o da Renda Brasil, que vai se estender por todo o ano, com valor constante, e com maior quantidade de pessoas no consumo. Outro ponto \u00e9 a sinaliza\u00e7\u00e3o de baixas [nos valores] de alguns produtos, um fator positivo\u201d, disse Milan.<\/p>\n<p>Ele destacou ainda a recupera\u00e7\u00e3o dos diss\u00eddios coletivos, que vai influenciar na retomada do setor. \u201cE, quando olhamos o m\u00eas de janeiro, o IPCA \u00e9 0,54%, \u00e9 sinaliza\u00e7\u00e3o, \u00e9 indicativo de que haver\u00e1 redu\u00e7\u00e3o da infla\u00e7\u00e3o\u201d, acrescentou.<\/p>\n<p>Para Milan, o resultado do ano passado foi positivo por causa da mudan\u00e7a nos h\u00e1bitos de compra do consumidor, cuja renda ficou menor devido \u00e0 pandemia de covid-19. \u201cOs supermercados entenderam o cen\u00e1rio macroecon\u00f4mico, a mudan\u00e7a nos h\u00e1bitos de compra do consumidor e, prontamente, buscaram junto aos fornecedores op\u00e7\u00f5es de marcas e de tamanhos de embalagem, al\u00e9m de fazer muita a\u00e7\u00e3o promocional no segundo semestre, para atender a um consumidor com renda mais restrita.\u201d<\/p>\n<p>Milan ressaltou que os consumidores optaram por marcas mais baratas em 2021 e disse acreditar que se mantenha neste ano a tend\u00eancia de substituir produtos mais caros pelos de pre\u00e7o mais baixo. O executivo lembrou que isso come\u00e7ou a ser observado em 2021, quando novas marcas entraram nos supermercados e a prefer\u00eancia do consumidor recaiu sobre produtos mais baratos, \u201cem fun\u00e7\u00e3o do bolso estar mais restrito\u201d.<\/p>\n<p>O consumidor trocou de marca, saindo do produto\u00a0<em>premium<\/em>\u00a0para o m\u00e9dio e do m\u00e9dio para o baixo, explicou Milan. \u201c\u00c9 a tend\u00eancia que identificamos e vamos monitorar todos os meses e que deve se manter por um per\u00edodo ainda nos pr\u00f3ximos meses,\u201d<\/p>\n<h2>Cesta nacional<\/h2>\n<p>A cesta Abrasmercado encerrou o ano de 2021 com alta acumulada de 10,32%. A cesta nacional, que considera 35 produtos de largo consumo, analisada pela GfK em parceria com a Abras, passou de R$ 635,02 em dezembro de 2020 para R$700,53 em dezembro de 2021.<\/p>\n<p>Os itens que mais encareceram, na compara\u00e7\u00e3o com dezembro de 2020, foram caf\u00e9 torrado e mo\u00eddo (66,62%), a\u00e7\u00facar (39,90%), margarina cremosa (31,33%) extrato de tomate (28,37%) e frango congelado (27,92%). Os produtos que ficaram mais baratos no acumulado do ano foram batata (-28,73%), arroz (-17,72%), pernil (-9,12%) e feij\u00e3o (-2,47%).<\/p>\n<h2>Desempenho regional<\/h2>\n<p>Na an\u00e1lise regional do desempenho das cestas, a Regi\u00e3o Nordeste teve a maior varia\u00e7\u00e3o no acumulado do ano, com alta de 14,51%. Em seguida, veio a Regi\u00e3o Sul, que fechou o ano com alta acumulada de 11,78%.<\/p>\n<p>Nas demais regi\u00f5es, as varia\u00e7\u00f5es acumuladas no ano foram, respectivamente, de 9,13% no Sudeste; de 9,02% no Norte; e de 7,44% no Centro-Oeste.<\/p>\n<p>Fonte: Ag\u00eancia Brasil<\/p>\n","protected":false},"excerpt":{"rendered":"<p>O consumo nos lares brasileiros manteve trajet\u00f3ria positiva de crescimento e encerrou 2021 com alta acumulada de 3,04%. O \u00edndice \u00e9 monitorado mensalmente pela Associa\u00e7\u00e3o Brasileira de Supermercados (Abras) e foi divulgado nesta quinta-feira (10) em entrevista\u00a0online. Em dezembro do ano passado, o consumo dom\u00e9stico subiu 4,27% em rela\u00e7\u00e3o ao mesmo per\u00edodo anterior. Na compara\u00e7\u00e3o [&hellip;]<\/p>\n","protected":false},"author":246,"featured_media":194907,"comment_status":"closed","ping_status":"closed","sticky":false,"template":"","format":"standard","meta":{"footnotes":""},"categories":[436,261,439],"tags":[],"class_list":["post-194906","post","type-post","status-publish","format-standard","has-post-thumbnail","hentry","category-destaque-da-semana","category-economia","category-ultima-hora"],"_links":{"self":[{"href":"https:\/\/diarioregionaldigital.com.br\/index.php?rest_route=\/wp\/v2\/posts\/194906","targetHints":{"allow":["GET"]}}],"collection":[{"href":"https:\/\/diarioregionaldigital.com.br\/index.php?rest_route=\/wp\/v2\/posts"}],"about":[{"href":"https:\/\/diarioregionaldigital.com.br\/index.php?rest_route=\/wp\/v2\/types\/post"}],"author":[{"embeddable":true,"href":"https:\/\/diarioregionaldigital.com.br\/index.php?rest_route=\/wp\/v2\/users\/246"}],"replies":[{"embeddable":true,"href":"https:\/\/diarioregionaldigital.com.br\/index.php?rest_route=%2Fwp%2Fv2%2Fcomments&post=194906"}],"version-history":[{"count":1,"href":"https:\/\/diarioregionaldigital.com.br\/index.php?rest_route=\/wp\/v2\/posts\/194906\/revisions"}],"predecessor-version":[{"id":194908,"href":"https:\/\/diarioregionaldigital.com.br\/index.php?rest_route=\/wp\/v2\/posts\/194906\/revisions\/194908"}],"wp:featuredmedia":[{"embeddable":true,"href":"https:\/\/diarioregionaldigital.com.br\/index.php?rest_route=\/wp\/v2\/media\/194907"}],"wp:attachment":[{"href":"https:\/\/diarioregionaldigital.com.br\/index.php?rest_route=%2Fwp%2Fv2%2Fmedia&parent=194906"}],"wp:term":[{"taxonomy":"category","embeddable":true,"href":"https:\/\/diarioregionaldigital.com.br\/index.php?rest_route=%2Fwp%2Fv2%2Fcategories&post=194906"},{"taxonomy":"post_tag","embeddable":true,"href":"https:\/\/diarioregionaldigital.com.br\/index.php?rest_route=%2Fwp%2Fv2%2Ftags&post=194906"}],"curies":[{"name":"wp","href":"https:\/\/api.w.org\/{rel}","templated":true}]}}