{"id":194903,"date":"2022-02-11T14:52:45","date_gmt":"2022-02-11T17:52:45","guid":{"rendered":"https:\/\/diarioregionaldigital.com.br\/?p=194903"},"modified":"2022-02-11T14:52:45","modified_gmt":"2022-02-11T17:52:45","slug":"atividade-economica-cresce-45-em-2021-diz-bc","status":"publish","type":"post","link":"https:\/\/diarioregionaldigital.com.br\/?p=194903","title":{"rendered":"Atividade econ\u00f4mica cresce 4,5% em 2021, diz BC"},"content":{"rendered":"<p>O \u00cdndice de Atividade Econ\u00f4mica (IBC-Br)\u00a0apresentou alta de 0,33% em dezembro de 2021, de acordo com dados divulgados hoje (11) pelo Banco Central (BC). O BC informou que, na compara\u00e7\u00e3o com dezembro de 2020, o \u00edndice apresentou alta de 1,30%, considerando os dados dessazonalizados (ajustados para o per\u00edodo). A taxa chegou a 139,73 pontos. No acumulado do ano, o IBC-Br ficou em 4,5%.<img decoding=\"async\" src=\"https:\/\/agenciabrasil.ebc.com.br\/ebc.png?id=1441754&amp;o=node\" \/><img decoding=\"async\" src=\"https:\/\/agenciabrasil.ebc.com.br\/ebc.gif?id=1441754&amp;o=node\" \/><\/p>\n<p>O \u00edndice, considerado uma pr\u00e9via do Produto Interno Bruto (PIB), \u00e9 uma forma de avaliar a evolu\u00e7\u00e3o da atividade econ\u00f4mica brasileira e ajuda o BC a tomar decis\u00f5es sobre a\u00a0<a href=\"https:\/\/agenciabrasil.ebc.com.br\/economia\/noticia\/2022-02\/copom-eleva-juros-basicos-da-economia-para-1075-ao-ano\" target=\"_blank\" rel=\"noopener\">taxa b\u00e1sica de juros<\/a>, a Selic, definida atualmente em 10,75% ao ano.<\/p>\n<p>O IBC-Br incorpora informa\u00e7\u00f5es sobre o n\u00edvel de atividade dos tr\u00eas setores da economia: a ind\u00fastria, o com\u00e9rcio e os servi\u00e7os e a agropecu\u00e1ria, al\u00e9m do volume de impostos. Segundo o BC, o IBC-Br terminou o quarto trimestre do ano com varia\u00e7\u00e3o positiva de 0,01% na compara\u00e7\u00e3o com o per\u00edodo compreendido entre julho e setembro, tamb\u00e9m considerando os dados dessazonalizados.<\/p>\n<p>O resultado de 4,5% para o ano est\u00e1 abaixo da expectativa do governo, que projetou um crescimento do\u00a0<a href=\"https:\/\/agenciabrasil.ebc.com.br\/economia\/noticia\/2021-11\/governo-reduz-previsao-de-crescimento-da-economia-em-51-este-ano\" target=\"_blank\" rel=\"noopener\">PIB de 5,1% em 2021<\/a>. O resultado, por\u00e9m, est\u00e1 em linha com a revis\u00e3o dos dados do PIB feita pelo\u00a0<a href=\"https:\/\/agenciabrasil.ebc.com.br\/economia\/noticia\/2021-12\/ipea-revisa-previsao-do-pib-de-2021-e-expansao-deve-ser-de-45\" target=\"_blank\" rel=\"noopener\">Instituto de Pesquisa Econ\u00f4mica Aplicada<\/a>\u00a0(Ipea).<\/p>\n<p>Fonte: Ag\u00eancia Brasil<\/p>\n","protected":false},"excerpt":{"rendered":"<p>O \u00cdndice de Atividade Econ\u00f4mica (IBC-Br)\u00a0apresentou alta de 0,33% em dezembro de 2021, de acordo com dados divulgados hoje (11) pelo Banco Central (BC). O BC informou que, na compara\u00e7\u00e3o com dezembro de 2020, o \u00edndice apresentou alta de 1,30%, considerando os dados dessazonalizados (ajustados para o per\u00edodo). A taxa chegou a 139,73 pontos. No [&hellip;]<\/p>\n","protected":false},"author":246,"featured_media":194904,"comment_status":"closed","ping_status":"closed","sticky":false,"template":"","format":"standard","meta":{"footnotes":""},"categories":[436,440,261,439],"tags":[],"class_list":["post-194903","post","type-post","status-publish","format-standard","has-post-thumbnail","hentry","category-destaque-da-semana","category-destaques-do-dia","category-economia","category-ultima-hora"],"_links":{"self":[{"href":"https:\/\/diarioregionaldigital.com.br\/index.php?rest_route=\/wp\/v2\/posts\/194903","targetHints":{"allow":["GET"]}}],"collection":[{"href":"https:\/\/diarioregionaldigital.com.br\/index.php?rest_route=\/wp\/v2\/posts"}],"about":[{"href":"https:\/\/diarioregionaldigital.com.br\/index.php?rest_route=\/wp\/v2\/types\/post"}],"author":[{"embeddable":true,"href":"https:\/\/diarioregionaldigital.com.br\/index.php?rest_route=\/wp\/v2\/users\/246"}],"replies":[{"embeddable":true,"href":"https:\/\/diarioregionaldigital.com.br\/index.php?rest_route=%2Fwp%2Fv2%2Fcomments&post=194903"}],"version-history":[{"count":1,"href":"https:\/\/diarioregionaldigital.com.br\/index.php?rest_route=\/wp\/v2\/posts\/194903\/revisions"}],"predecessor-version":[{"id":194905,"href":"https:\/\/diarioregionaldigital.com.br\/index.php?rest_route=\/wp\/v2\/posts\/194903\/revisions\/194905"}],"wp:featuredmedia":[{"embeddable":true,"href":"https:\/\/diarioregionaldigital.com.br\/index.php?rest_route=\/wp\/v2\/media\/194904"}],"wp:attachment":[{"href":"https:\/\/diarioregionaldigital.com.br\/index.php?rest_route=%2Fwp%2Fv2%2Fmedia&parent=194903"}],"wp:term":[{"taxonomy":"category","embeddable":true,"href":"https:\/\/diarioregionaldigital.com.br\/index.php?rest_route=%2Fwp%2Fv2%2Fcategories&post=194903"},{"taxonomy":"post_tag","embeddable":true,"href":"https:\/\/diarioregionaldigital.com.br\/index.php?rest_route=%2Fwp%2Fv2%2Ftags&post=194903"}],"curies":[{"name":"wp","href":"https:\/\/api.w.org\/{rel}","templated":true}]}}