{"id":194900,"date":"2022-02-11T14:37:43","date_gmt":"2022-02-11T17:37:43","guid":{"rendered":"https:\/\/diarioregionaldigital.com.br\/?p=194900"},"modified":"2022-02-11T14:37:43","modified_gmt":"2022-02-11T17:37:43","slug":"policia-militar-registra-homicidio-consumado-no-bairro-poco-rico","status":"publish","type":"post","link":"https:\/\/diarioregionaldigital.com.br\/?p=194900","title":{"rendered":"Pol\u00edcia Militar registra homic\u00eddio consumado no bairro Po\u00e7o Rico"},"content":{"rendered":"<p>No dia 10fev22 por volta das 22h42min, a Pol\u00edcia Militar compareceu na Rua Pinto de Moura no bairro Po\u00e7o Rico para verifica\u00e7\u00e3o de homem que estaria ca\u00eddo ao solo sem vida. No local o fato foi confirmado e a v\u00edtima (37 anos) encontrada com o rosto desfigurado. A v\u00edtima teria sido morta por meio de agress\u00e3o e pedradas. Os autores (25, 32 e 32 anos) permaneceram no local e apesar da tentativa de simularem um fato inver\u00eddico aos policiais, a a\u00e7\u00e3o criminosa foi confirmada por testemunhas e c\u00e2meras, tendo sido os autores presos. A motiva\u00e7\u00e3o do crime teria sido ci\u00fames e desentendimetos pret\u00e9ritos. A Per\u00edcia esteve no local, realizou os trabalhos de praxe e a funer\u00e1ria removeu o corpo. A PM segue rastreamento para a pris\u00e3o de um quarto autor que j\u00e1 foi identificado.<\/p>\n","protected":false},"excerpt":{"rendered":"<p>No dia 10fev22 por volta das 22h42min, a Pol\u00edcia Militar compareceu na Rua Pinto de Moura no bairro Po\u00e7o Rico para verifica\u00e7\u00e3o de homem que estaria ca\u00eddo ao solo sem vida. No local o fato foi confirmado e a v\u00edtima (37 anos) encontrada com o rosto desfigurado. A v\u00edtima teria sido morta por meio de [&hellip;]<\/p>\n","protected":false},"author":246,"featured_media":194901,"comment_status":"closed","ping_status":"closed","sticky":false,"template":"","format":"standard","meta":{"footnotes":""},"categories":[301,436,439],"tags":[],"class_list":["post-194900","post","type-post","status-publish","format-standard","has-post-thumbnail","hentry","category-artigos-policiais","category-destaque-da-semana","category-ultima-hora"],"_links":{"self":[{"href":"https:\/\/diarioregionaldigital.com.br\/index.php?rest_route=\/wp\/v2\/posts\/194900","targetHints":{"allow":["GET"]}}],"collection":[{"href":"https:\/\/diarioregionaldigital.com.br\/index.php?rest_route=\/wp\/v2\/posts"}],"about":[{"href":"https:\/\/diarioregionaldigital.com.br\/index.php?rest_route=\/wp\/v2\/types\/post"}],"author":[{"embeddable":true,"href":"https:\/\/diarioregionaldigital.com.br\/index.php?rest_route=\/wp\/v2\/users\/246"}],"replies":[{"embeddable":true,"href":"https:\/\/diarioregionaldigital.com.br\/index.php?rest_route=%2Fwp%2Fv2%2Fcomments&post=194900"}],"version-history":[{"count":1,"href":"https:\/\/diarioregionaldigital.com.br\/index.php?rest_route=\/wp\/v2\/posts\/194900\/revisions"}],"predecessor-version":[{"id":194902,"href":"https:\/\/diarioregionaldigital.com.br\/index.php?rest_route=\/wp\/v2\/posts\/194900\/revisions\/194902"}],"wp:featuredmedia":[{"embeddable":true,"href":"https:\/\/diarioregionaldigital.com.br\/index.php?rest_route=\/wp\/v2\/media\/194901"}],"wp:attachment":[{"href":"https:\/\/diarioregionaldigital.com.br\/index.php?rest_route=%2Fwp%2Fv2%2Fmedia&parent=194900"}],"wp:term":[{"taxonomy":"category","embeddable":true,"href":"https:\/\/diarioregionaldigital.com.br\/index.php?rest_route=%2Fwp%2Fv2%2Fcategories&post=194900"},{"taxonomy":"post_tag","embeddable":true,"href":"https:\/\/diarioregionaldigital.com.br\/index.php?rest_route=%2Fwp%2Fv2%2Ftags&post=194900"}],"curies":[{"name":"wp","href":"https:\/\/api.w.org\/{rel}","templated":true}]}}