{"id":194897,"date":"2022-02-11T01:57:24","date_gmt":"2022-02-11T04:57:24","guid":{"rendered":"https:\/\/diarioregionaldigital.com.br\/?p=194897"},"modified":"2022-02-11T01:57:24","modified_gmt":"2022-02-11T04:57:24","slug":"palavras-comovem-testemunhos-arrastam-11-02-2022","status":"publish","type":"post","link":"https:\/\/diarioregionaldigital.com.br\/?p=194897","title":{"rendered":"Palavras Comovem!  Testemunhos Arrastam! &#8211; 11\/02\/2022"},"content":{"rendered":"<p>Meu caro leitor \u00e9 com alegria que novamente estamos chegando at\u00e9 voc\u00ea para mais uma edi\u00e7\u00e3o de palavras comovem mas testemunhos arrastam. Bem sei de sua expectativa para ler os testemunhos aqui apresentados. Hoje teremos dois belos testemunhos. Vamos ao primeiro:<\/p>\n<p>Bom dia Padre Erelis! devota de S\u00e3o Judas Tadeu: B\u00ean\u00e7\u00e3o Padre! Ainda estou em ora\u00e7\u00e3o pelo que te falei do meu emprego ainda n\u00e3o me deram respostas mas estou orando! Abra\u00e7o Padre<\/p>\n<p>devota de S\u00e3o Judas Tadeu: Pe\u00e7o ora\u00e7\u00e3o ao senhor tamb\u00e9m<\/p>\n<p>devota de S\u00e3o Judas Tadeu: Deus aben\u00e7oe!<\/p>\n<p>Padre\u00a0 Erelis Camilo: Deus pai de amor e bondade digneis aben\u00e7oar essa vossa filha dando a gra\u00e7a que necessita<\/p>\n<p>devota de S\u00e3o Judas Tadeu: Bom dia!!! Padre sua b\u00ean\u00e7\u00e3o.<\/p>\n<p>Padre vim agradecer pelas ora\u00e7\u00f5es acabei de saber fui contratada pela a empresa que te falei.<\/p>\n<p>Qual Igreja o senhor est\u00e1 rezando missa?<\/p>\n<p>Padre Erelis Camilo:\u00a0 Paroquia de Santa Rita de C\u00e1ssia<\/p>\n<p>devota de S\u00e3o Judas Tadeu: T\u00e1 joia!! Obg Padre<\/p>\n<p>devota de S\u00e3o Judas Tadeu: Vou l\u00e1 agradecer. Agora vamos ao segundo testemunho:<\/p>\n<p>Testemunho Pra Quarta Dia 9 De Fevereiro: Bom dia Padre<\/p>\n<p>Sua ben\u00e7\u00e3o.<\/p>\n<p>Tudo bem com o senhor?<\/p>\n<p>Meu esposo teve a\u00ed no in\u00edcio de janeiro. Conversou com o senhor. O senhor deu nele uma b\u00ean\u00e7\u00e3o e disse que S\u00e3o Judas Tadeu iria interceder a Deus por ele\u00a0 pra ele conseguir servi\u00e7os.<\/p>\n<p>Depois disso agora no in\u00edcio de fevereiro come\u00e7ou aparecer alguns servi\u00e7os. Ainda aquelas coisas meio indefinidas. Algumas pessoas n\u00e3o definem se querem o servi\u00e7o. Mas agrade\u00e7o pelas suas ora\u00e7\u00f5es e pe\u00e7o que continue orando por n\u00f3s e que os servi\u00e7os para ele continue cada dia aumentando mais. Temos tamb\u00e9m uma loja pra alugar, ele disse que comentou com o senhor. Depois que ele esteve a\u00ed,\u00a0 tamb\u00e9m j\u00e1 apareceram algumas pessoas interessadas em alugar a loja. Ent\u00e3o mais uma vez agrade\u00e7o por suas ora\u00e7\u00f5es que junto \u00e0s nossas \u00e9 que nos tem mantido de p\u00e9. E pe\u00e7o que continue orando por n\u00f3s, principalmente hoje\u00a0 quinta feira que \u00e9 dedicada a\u00a0 Eucar\u00edstia. Pe\u00e7a a Jesus por n\u00f3s e que ele abra as portas da nossa vida.<\/p>\n<p>Que Deus o aben\u00e7oe sempre. Muita sa\u00fade e paz. Fica com Deus.<\/p>\n<p>Vejam como milagres acontecem.<\/p>\n<p>Convido vc para participar da missa\u00a0 de S\u00e3o Judas Tadeu das causas imposs\u00edveis clamando a miseric\u00f3rdia de Jesus por sa\u00fade e liberta\u00e7\u00e3o as quartas feiras \u00e0s 19h na igreja de Santa rita e o ter\u00e7o todos os dias\u00a0 \u00e0s 20e30h; \u00e0s 22h pelo youtube e Facebook do santu\u00e1rio virtual S\u00e3o Judas Tadeu. svsaojudastadeu.com; \u00e0s 07h e 23h pelo whatzaap.\u00a0 Deixo o n\u00famero do meu celular para me ligarem quando precisar de uma ora\u00e7\u00e3o 988652609 se eu n\u00e3o atender na hora eu retornarei assim que eu ver a liga\u00e7\u00e3o.<\/p>\n","protected":false},"excerpt":{"rendered":"<p>Meu caro leitor \u00e9 com alegria que novamente estamos chegando at\u00e9 voc\u00ea para mais uma edi\u00e7\u00e3o de palavras comovem mas testemunhos arrastam. Bem sei de sua expectativa para ler os testemunhos aqui apresentados. Hoje teremos dois belos testemunhos. Vamos ao primeiro: Bom dia Padre Erelis! devota de S\u00e3o Judas Tadeu: B\u00ean\u00e7\u00e3o Padre! Ainda estou em [&hellip;]<\/p>\n","protected":false},"author":96,"featured_media":0,"comment_status":"closed","ping_status":"closed","sticky":false,"template":"","format":"standard","meta":{"footnotes":""},"categories":[1245],"tags":[],"class_list":["post-194897","post","type-post","status-publish","format-standard","hentry","category-padre-erelis"],"_links":{"self":[{"href":"https:\/\/diarioregionaldigital.com.br\/index.php?rest_route=\/wp\/v2\/posts\/194897","targetHints":{"allow":["GET"]}}],"collection":[{"href":"https:\/\/diarioregionaldigital.com.br\/index.php?rest_route=\/wp\/v2\/posts"}],"about":[{"href":"https:\/\/diarioregionaldigital.com.br\/index.php?rest_route=\/wp\/v2\/types\/post"}],"author":[{"embeddable":true,"href":"https:\/\/diarioregionaldigital.com.br\/index.php?rest_route=\/wp\/v2\/users\/96"}],"replies":[{"embeddable":true,"href":"https:\/\/diarioregionaldigital.com.br\/index.php?rest_route=%2Fwp%2Fv2%2Fcomments&post=194897"}],"version-history":[{"count":1,"href":"https:\/\/diarioregionaldigital.com.br\/index.php?rest_route=\/wp\/v2\/posts\/194897\/revisions"}],"predecessor-version":[{"id":194898,"href":"https:\/\/diarioregionaldigital.com.br\/index.php?rest_route=\/wp\/v2\/posts\/194897\/revisions\/194898"}],"wp:attachment":[{"href":"https:\/\/diarioregionaldigital.com.br\/index.php?rest_route=%2Fwp%2Fv2%2Fmedia&parent=194897"}],"wp:term":[{"taxonomy":"category","embeddable":true,"href":"https:\/\/diarioregionaldigital.com.br\/index.php?rest_route=%2Fwp%2Fv2%2Fcategories&post=194897"},{"taxonomy":"post_tag","embeddable":true,"href":"https:\/\/diarioregionaldigital.com.br\/index.php?rest_route=%2Fwp%2Fv2%2Ftags&post=194897"}],"curies":[{"name":"wp","href":"https:\/\/api.w.org\/{rel}","templated":true}]}}