{"id":194894,"date":"2022-02-11T01:49:39","date_gmt":"2022-02-11T04:49:39","guid":{"rendered":"https:\/\/diarioregionaldigital.com.br\/?p=194894"},"modified":"2022-02-11T01:49:39","modified_gmt":"2022-02-11T04:49:39","slug":"o-coracao-da-pessoa-e-a-pessoa","status":"publish","type":"post","link":"https:\/\/diarioregionaldigital.com.br\/?p=194894","title":{"rendered":"O cora\u00e7\u00e3o da pessoa \u00e9 a pessoa"},"content":{"rendered":"<p>\u00c9 bem comum confundir o cora\u00e7\u00e3o com as emo\u00e7\u00f5es, por\u00e9m, o fil\u00f3sofo holand\u00eas Herman Dooyeweerd nos mostra em sua cr\u00edtica transcendental radical que o cora\u00e7\u00e3o \u00e9, na verdade, algo muito mais profundo. Ele constitui nosso centro mais \u00edntimo, o ego, o self, o vital, aquela parte de n\u00f3s que chamamos \u201ceu\u201d.<\/p>\n<p>Essa \u00e9 uma inspira\u00e7\u00e3o b\u00edblica, pois as Escrituras tratam o cora\u00e7\u00e3o como o n\u00facleo do nosso ser, sendo ao mesmo tempo o \u201ceu finito\u201d que est\u00e1 aqui de p\u00e9 neste mundo e o \u201ceu infinito\u201d que transcende a esta vida se preparando para a gl\u00f3ria. Ele \u00e9 o centro do que somos e o ponto de contato com Deus. \u201cComo na \u00e1gua o rosto corresponde ao rosto, assim o cora\u00e7\u00e3o do homem ao homem\u201d (Prov\u00e9rbios 27: 19).<\/p>\n<p>Portanto, o cora\u00e7\u00e3o \u00e9 muito mais que mero \u201crecipiente de emo\u00e7\u00f5es\u201d. Elas constituem uma importante dimens\u00e3o do nosso ser, por\u00e9m, tamb\u00e9m podem nos armar ciladas, quando nos tira a aptid\u00e3o para pensar. \u201cMelhor \u00e9 o long\u00e2nimo do que o valente, e o que governa o seu esp\u00edrito do que o que toma uma cidade\u201d (Prov\u00e9rbios 16: 32).<\/p>\n<p>O Crist\u00e3o sente como ningu\u00e9m o cosmos, estando em comunh\u00e3o com Deus, nos encontramos em sinergia com o universo. Essa rela\u00e7\u00e3o com O Eterno nos proporciona sensa\u00e7\u00f5es incr\u00edveis, parte delas manifestas em emo\u00e7\u00f5es como adorar a Deus, f\u00e9, amor, empatia, satisfa\u00e7\u00e3o, triunfo, admira\u00e7\u00e3o, carinho, alegria dentre muitas outras. S\u00e3o as emo\u00e7\u00f5es que nos abra\u00e7am e se entrela\u00e7am com a consci\u00eancia do que \u00e9 correto nos orientando em dire\u00e7\u00e3o ao que \u00e9 bom e nos motiva \u00e0s boas obras! \u201cFilhinhos, n\u00e3o amemos de palavra nem de boca, mas em a\u00e7\u00e3o e em verdade\u201d ( 1 Jo\u00e3o 3: 18).<\/p>\n<p>Mas tamb\u00e9m existem as emo\u00e7\u00f5es enganosas, que confundem causando sofrimento e dano. Essas s\u00e3o marcas da queda gravada em nossos cora\u00e7\u00f5es. S\u00e3o a express\u00e3o daquilo que temos que rejeitar e que Cristo nos ensinou a resistir e a superar. Tamb\u00e9m s\u00e3o emo\u00e7\u00f5es: o medo, ansiedade, tristeza, inveja, antipatia, desejos desenfreados, ira, vaidade, soberba, remorso, dentre muitas outras. Se tais esp\u00e9cies de sentimentos dominarem o seu cora\u00e7\u00e3o afetar\u00e3o todo o seu ser. \u201cAcima de tudo, guarde o seu cora\u00e7\u00e3o, pois dele depende toda a sua vida\u201d (Prov\u00e9rbios 4: 23).<\/p>\n<p>Por isso as Escrituras nos ensinam a instruir os nossos cora\u00e7\u00f5es buscando o discernimento atrav\u00e9s da Palavra de Deus:<\/p>\n<p>\u201cConfie no Senhor de todo o seu cora\u00e7\u00e3o e n\u00e3o se ap\u00f3ie em seu pr\u00f3prio entendimento; reconhe\u00e7a o Senhor em todos os seus caminhos, e ele endireitar\u00e1 as suas veredas. N\u00e3o seja s\u00e1bio aos seus pr\u00f3prios olhos; tema ao Senhor e evite o mal\u201d (Prov\u00e9rbios 3: 5-7).<\/p>\n<p>A Palavra orienta o cora\u00e7\u00e3o a controlar-se: \u201cMeu filho, guarde consigo a sensatez e o equil\u00edbrio, nunca os perca de vista; trar\u00e3o vida a voc\u00ea e ser\u00e3o um enfeite para o seu pesco\u00e7o. Ent\u00e3o voc\u00ea seguir\u00e1 o seu caminho em seguran\u00e7a, e n\u00e3o trope\u00e7ar\u00e1; quando se deitar, n\u00e3o ter\u00e1 medo, e o seu sono ser\u00e1 tranquilo\u201d (Prov\u00e9rbios 3: 21-24).<\/p>\n<p>Ensina a resistir ao mal: \u201cAparta-te do mal e faze o bem; procura a paz e segue-a\u201d (Salmos 34: 14).<\/p>\n<p>E aconselha seguir a Cristo, deixando-se dominar pelo bem: \u201cE a paz de Deus, que excede todo o entendimento, guardar\u00e1 os seus cora\u00e7\u00f5es e as suas mentes em Cristo Jesus\u201d (Filipenses 4: 7).<\/p>\n<p>Dessa maneira os nossos cora\u00e7\u00f5es ser\u00e3o imunes \u00e0s emo\u00e7\u00f5es errantes e teremos um \u201ceu\u201d renovado e conformado ao pr\u00f3prio Deus: \u201cCria em mim, \u00f3 Deus, um cora\u00e7\u00e3o puro e renova em mim um esp\u00edrito reto\u201d (Salmos 51: 10).<\/p>\n","protected":false},"excerpt":{"rendered":"<p>\u00c9 bem comum confundir o cora\u00e7\u00e3o com as emo\u00e7\u00f5es, por\u00e9m, o fil\u00f3sofo holand\u00eas Herman Dooyeweerd nos mostra em sua cr\u00edtica transcendental radical que o cora\u00e7\u00e3o \u00e9, na verdade, algo muito mais profundo. Ele constitui nosso centro mais \u00edntimo, o ego, o self, o vital, aquela parte de n\u00f3s que chamamos \u201ceu\u201d. Essa \u00e9 uma inspira\u00e7\u00e3o [&hellip;]<\/p>\n","protected":false},"author":96,"featured_media":0,"comment_status":"closed","ping_status":"closed","sticky":false,"template":"","format":"standard","meta":{"footnotes":""},"categories":[1244],"tags":[],"class_list":["post-194894","post","type-post","status-publish","format-standard","hentry","category-oleg-abramov"],"_links":{"self":[{"href":"https:\/\/diarioregionaldigital.com.br\/index.php?rest_route=\/wp\/v2\/posts\/194894","targetHints":{"allow":["GET"]}}],"collection":[{"href":"https:\/\/diarioregionaldigital.com.br\/index.php?rest_route=\/wp\/v2\/posts"}],"about":[{"href":"https:\/\/diarioregionaldigital.com.br\/index.php?rest_route=\/wp\/v2\/types\/post"}],"author":[{"embeddable":true,"href":"https:\/\/diarioregionaldigital.com.br\/index.php?rest_route=\/wp\/v2\/users\/96"}],"replies":[{"embeddable":true,"href":"https:\/\/diarioregionaldigital.com.br\/index.php?rest_route=%2Fwp%2Fv2%2Fcomments&post=194894"}],"version-history":[{"count":1,"href":"https:\/\/diarioregionaldigital.com.br\/index.php?rest_route=\/wp\/v2\/posts\/194894\/revisions"}],"predecessor-version":[{"id":194895,"href":"https:\/\/diarioregionaldigital.com.br\/index.php?rest_route=\/wp\/v2\/posts\/194894\/revisions\/194895"}],"wp:attachment":[{"href":"https:\/\/diarioregionaldigital.com.br\/index.php?rest_route=%2Fwp%2Fv2%2Fmedia&parent=194894"}],"wp:term":[{"taxonomy":"category","embeddable":true,"href":"https:\/\/diarioregionaldigital.com.br\/index.php?rest_route=%2Fwp%2Fv2%2Fcategories&post=194894"},{"taxonomy":"post_tag","embeddable":true,"href":"https:\/\/diarioregionaldigital.com.br\/index.php?rest_route=%2Fwp%2Fv2%2Ftags&post=194894"}],"curies":[{"name":"wp","href":"https:\/\/api.w.org\/{rel}","templated":true}]}}