{"id":194888,"date":"2022-02-10T15:40:06","date_gmt":"2022-02-10T18:40:06","guid":{"rendered":"https:\/\/diarioregionaldigital.com.br\/?p=194888"},"modified":"2022-02-10T15:40:06","modified_gmt":"2022-02-10T18:40:06","slug":"programa-boniteza-promove-intervencoes-de-zeladoria-na-avenida-jk","status":"publish","type":"post","link":"https:\/\/diarioregionaldigital.com.br\/?p=194888","title":{"rendered":"Programa Boniteza promove interven\u00e7\u00f5es de zeladoria na Avenida JK"},"content":{"rendered":"<p>Segundo informa\u00e7\u00f5es do site da Prefeitura de Juiz de Fora,\u00a0 em continuidade \u00e0 preserva\u00e7\u00e3o das pra\u00e7as e vias de Juiz de Fora, atendendo ao Programa Boniteza, servidores do Setor de Parques e Jardins da Empresa Municipal de Pavimenta\u00e7\u00e3o e Urbaniza\u00e7\u00e3o (Empav) realizam servi\u00e7os de poda de grama e limpeza na Avenida Presidente Juscelino Kubitschek, na altura do bairro Barbosa Lage.<\/p>\n<p>Equipes seguem com zeladoria nos canteiros pr\u00f3ximos ao Parque da Lajinha, canteiro central da Avenida Deusdedith Salgado, bairro Teixeiras, e nos canteiros centrais do bairro Vila Ideal. Todas as demandas de poda de grama e limpeza inclu\u00eddas na programa\u00e7\u00e3o da Empav foram solicitadas atrav\u00e9s do Gabinete de A\u00e7\u00e3o e Di\u00e1logo Comunit\u00e1rio.<\/p>\n<p>Al\u00e9m disso, a Empav d\u00e1 continuidade \u00e0s a\u00e7\u00f5es de corte na Rua Renato Cruz Frederico, bairro Paineiras; atende \u00e0s demandas de poda dr\u00e1stica na Rua Santos Dumont, bairro Granbery, e na Rua professor Luiz Viana, bairro de Lourdes, e realizam os demais servi\u00e7os de poda e corte na Rua Alfredo Teixeira, bairro Jardim do Sol.<\/p>\n<p>Todas as a\u00e7\u00f5es de reestrutura\u00e7\u00e3o, urbaniza\u00e7\u00e3o e zeladoria realizadas pela Empav fazem parte do Programa Boniteza. Voc\u00ea pode solicitar estes e outros servi\u00e7os atrav\u00e9s do Gabinete de A\u00e7\u00e3o e Di\u00e1logo Comunit\u00e1rio, que recebe e organiza pedidos relativos a interven\u00e7\u00f5es e melhorias urbanas. O contato pode ser feito por liga\u00e7\u00e3o telef\u00f4nica, pelo n\u00famero (32) 3690-7241 ou, ainda, via WhatsApp, utilizando o mesmo n\u00famero.<\/p>\n","protected":false},"excerpt":{"rendered":"<p>Segundo informa\u00e7\u00f5es do site da Prefeitura de Juiz de Fora,\u00a0 em continuidade \u00e0 preserva\u00e7\u00e3o das pra\u00e7as e vias de Juiz de Fora, atendendo ao Programa Boniteza, servidores do Setor de Parques e Jardins da Empresa Municipal de Pavimenta\u00e7\u00e3o e Urbaniza\u00e7\u00e3o (Empav) realizam servi\u00e7os de poda de grama e limpeza na Avenida Presidente Juscelino Kubitschek, na [&hellip;]<\/p>\n","protected":false},"author":246,"featured_media":194889,"comment_status":"closed","ping_status":"closed","sticky":false,"template":"","format":"standard","meta":{"footnotes":""},"categories":[253,436,439],"tags":[],"class_list":["post-194888","post","type-post","status-publish","format-standard","has-post-thumbnail","hentry","category-cidade","category-destaque-da-semana","category-ultima-hora"],"_links":{"self":[{"href":"https:\/\/diarioregionaldigital.com.br\/index.php?rest_route=\/wp\/v2\/posts\/194888","targetHints":{"allow":["GET"]}}],"collection":[{"href":"https:\/\/diarioregionaldigital.com.br\/index.php?rest_route=\/wp\/v2\/posts"}],"about":[{"href":"https:\/\/diarioregionaldigital.com.br\/index.php?rest_route=\/wp\/v2\/types\/post"}],"author":[{"embeddable":true,"href":"https:\/\/diarioregionaldigital.com.br\/index.php?rest_route=\/wp\/v2\/users\/246"}],"replies":[{"embeddable":true,"href":"https:\/\/diarioregionaldigital.com.br\/index.php?rest_route=%2Fwp%2Fv2%2Fcomments&post=194888"}],"version-history":[{"count":1,"href":"https:\/\/diarioregionaldigital.com.br\/index.php?rest_route=\/wp\/v2\/posts\/194888\/revisions"}],"predecessor-version":[{"id":194890,"href":"https:\/\/diarioregionaldigital.com.br\/index.php?rest_route=\/wp\/v2\/posts\/194888\/revisions\/194890"}],"wp:featuredmedia":[{"embeddable":true,"href":"https:\/\/diarioregionaldigital.com.br\/index.php?rest_route=\/wp\/v2\/media\/194889"}],"wp:attachment":[{"href":"https:\/\/diarioregionaldigital.com.br\/index.php?rest_route=%2Fwp%2Fv2%2Fmedia&parent=194888"}],"wp:term":[{"taxonomy":"category","embeddable":true,"href":"https:\/\/diarioregionaldigital.com.br\/index.php?rest_route=%2Fwp%2Fv2%2Fcategories&post=194888"},{"taxonomy":"post_tag","embeddable":true,"href":"https:\/\/diarioregionaldigital.com.br\/index.php?rest_route=%2Fwp%2Fv2%2Ftags&post=194888"}],"curies":[{"name":"wp","href":"https:\/\/api.w.org\/{rel}","templated":true}]}}