{"id":194885,"date":"2022-02-10T15:36:05","date_gmt":"2022-02-10T18:36:05","guid":{"rendered":"https:\/\/diarioregionaldigital.com.br\/?p=194885"},"modified":"2022-02-10T15:36:05","modified_gmt":"2022-02-10T18:36:05","slug":"transporte-de-transformador-da-cemig-pode-gerar-interrupcoes-no-transito-neste-sabado","status":"publish","type":"post","link":"https:\/\/diarioregionaldigital.com.br\/?p=194885","title":{"rendered":"Transporte de transformador da Cemig pode gerar interrup\u00e7\u00f5es no tr\u00e2nsito neste s\u00e1bado"},"content":{"rendered":"<p>Segundo informa\u00e7\u00f5es do site da Prefeitura de Juiz de Fora,\u00a0 uma opera\u00e7\u00e3o de transporte de um transformador da Cemig da subesta\u00e7\u00e3o localizada na Rua Carmela Dutra s\/n, no bairro Graja\u00fa, para a capital Belo Horizonte ser\u00e1 realizada neste s\u00e1bado, 12, a partir das 12h. A Secretaria de Mobilidade Urbana (SMU) participa da opera\u00e7\u00e3o na sinaliza\u00e7\u00e3o e orienta\u00e7\u00e3o do tr\u00e2nsito devido ao porte da carreta que transporta o equipamento.<\/p>\n<p>O trajeto a ser percorrida ser\u00e1 atrav\u00e9s da Rua Carmela Dutra; Rua Ant\u00f4nio Meurer; Rua Capit\u00e3o Bicalho; Rua Vitorino Braga; Rua Garibaldi Campinhos; Rua Benjamin Constant; Avenida Brasil (margem esquerda); Ponte Domingos Alves Pereira (Ponte Vermelha); Avenida Brasil (margem direita); Acesso Norte; Avenida Garcia Rodrigues Paes; Avenida Pres. Juscelino Kubitschek; Avenida Ant\u00f4nio Sim\u00e3o Firjam; e BR-040.<\/p>\n<p>Caso haja chuva intensa ou outras intercorr\u00eancias, a opera\u00e7\u00e3o pode ser adiada. A velocidade da carreta varia entre 5 a 10 km\/h. Devido \u00e0 altura do transformador, em alguns pontos da passagem, cabos de energia podem ser desligados, gerando interrup\u00e7\u00e3o de energia tempor\u00e1ria em alguns bairros do trajeto. O transporte do transformador ser\u00e1 realizado porque o mesmo foi substitu\u00eddo no \u00faltimo m\u00eas, quando a opera\u00e7\u00e3o foi realizada com o apoio da SMU, sem maiores consequ\u00eancias para o tr\u00e2nsito.<\/p>\n","protected":false},"excerpt":{"rendered":"<p>Segundo informa\u00e7\u00f5es do site da Prefeitura de Juiz de Fora,\u00a0 uma opera\u00e7\u00e3o de transporte de um transformador da Cemig da subesta\u00e7\u00e3o localizada na Rua Carmela Dutra s\/n, no bairro Graja\u00fa, para a capital Belo Horizonte ser\u00e1 realizada neste s\u00e1bado, 12, a partir das 12h. A Secretaria de Mobilidade Urbana (SMU) participa da opera\u00e7\u00e3o na sinaliza\u00e7\u00e3o [&hellip;]<\/p>\n","protected":false},"author":246,"featured_media":194886,"comment_status":"closed","ping_status":"closed","sticky":false,"template":"","format":"standard","meta":{"footnotes":""},"categories":[253,436,439],"tags":[],"class_list":["post-194885","post","type-post","status-publish","format-standard","has-post-thumbnail","hentry","category-cidade","category-destaque-da-semana","category-ultima-hora"],"_links":{"self":[{"href":"https:\/\/diarioregionaldigital.com.br\/index.php?rest_route=\/wp\/v2\/posts\/194885","targetHints":{"allow":["GET"]}}],"collection":[{"href":"https:\/\/diarioregionaldigital.com.br\/index.php?rest_route=\/wp\/v2\/posts"}],"about":[{"href":"https:\/\/diarioregionaldigital.com.br\/index.php?rest_route=\/wp\/v2\/types\/post"}],"author":[{"embeddable":true,"href":"https:\/\/diarioregionaldigital.com.br\/index.php?rest_route=\/wp\/v2\/users\/246"}],"replies":[{"embeddable":true,"href":"https:\/\/diarioregionaldigital.com.br\/index.php?rest_route=%2Fwp%2Fv2%2Fcomments&post=194885"}],"version-history":[{"count":1,"href":"https:\/\/diarioregionaldigital.com.br\/index.php?rest_route=\/wp\/v2\/posts\/194885\/revisions"}],"predecessor-version":[{"id":194887,"href":"https:\/\/diarioregionaldigital.com.br\/index.php?rest_route=\/wp\/v2\/posts\/194885\/revisions\/194887"}],"wp:featuredmedia":[{"embeddable":true,"href":"https:\/\/diarioregionaldigital.com.br\/index.php?rest_route=\/wp\/v2\/media\/194886"}],"wp:attachment":[{"href":"https:\/\/diarioregionaldigital.com.br\/index.php?rest_route=%2Fwp%2Fv2%2Fmedia&parent=194885"}],"wp:term":[{"taxonomy":"category","embeddable":true,"href":"https:\/\/diarioregionaldigital.com.br\/index.php?rest_route=%2Fwp%2Fv2%2Fcategories&post=194885"},{"taxonomy":"post_tag","embeddable":true,"href":"https:\/\/diarioregionaldigital.com.br\/index.php?rest_route=%2Fwp%2Fv2%2Ftags&post=194885"}],"curies":[{"name":"wp","href":"https:\/\/api.w.org\/{rel}","templated":true}]}}