{"id":194882,"date":"2022-02-10T15:30:21","date_gmt":"2022-02-10T18:30:21","guid":{"rendered":"https:\/\/diarioregionaldigital.com.br\/?p=194882"},"modified":"2022-02-10T15:30:21","modified_gmt":"2022-02-10T18:30:21","slug":"prefeita-visita-rosario-de-minas-e-escuta-demandas-da-populacao-local","status":"publish","type":"post","link":"https:\/\/diarioregionaldigital.com.br\/?p=194882","title":{"rendered":"Prefeita visita Ros\u00e1rio de Minas e escuta demandas da popula\u00e7\u00e3o local"},"content":{"rendered":"<p>Segundo informa\u00e7\u00f5es do site da Prefeitura de Juiz de Fora, com o objetivo de ouvir os pedidos da popula\u00e7\u00e3o rural, nesta quarta-feira, 9, a prefeita Margarida Salom\u00e3o e seu secretariado foram at\u00e9 Ros\u00e1rio de Minas. Al\u00e9m disso, foi apresentado o novo setor de a\u00e7\u00f5es na Zona Rural, que \u00e9 vinculado ao Gabinete de A\u00e7\u00e3o e Di\u00e1logo Comunit\u00e1rio da Secretaria de Governo (SG) e ser\u00e1 um canal mais pr\u00f3ximo de di\u00e1logo entre as zonas rurais e a Prefeitura de Juiz de Fora (PJF).<\/p>\n<p>Estiveram presentes mais de 60 pessoas dos distritos de Ros\u00e1rio de Minas, Penido, Taquaral, Palmital e Bui\u00e9i\u00e9, que trouxeram demandas relacionadas \u00e0s estradas vicinais, ilumina\u00e7\u00e3o, transporte p\u00fablico, sa\u00fade, agricultura e seguran\u00e7a. Eles destacaram que esta foi a primeira vez que uma prefeita foi at\u00e9 a Zona Rural para ouvir as pessoas.<\/p>\n<p>Al\u00e9m dos moradores, participaram do encontro os secret\u00e1rios de Obras (SO), Lincoln Santos Lima; de Mobilidade Urbana (SMU), Tadeu David; de Agricultura, Pecu\u00e1ria e Abastecimento (Seapa), Fab\u00edola Paulino da Silva; a subsecret\u00e1ria de Sa\u00fade, Joana Darc Zanelli; e o novo coordenador de a\u00e7\u00f5es da zona rural, Isalino Clemente que, juntamente com a prefeita, trouxeram solu\u00e7\u00f5es para a Zona Rural, em especial os distritos representados na reuni\u00e3o. Os vereadores Marlon Siqueira, Pardal e Julinho Rossignoli tamb\u00e9m estiveram presentes.<\/p>\n<p>Durante a reuni\u00e3o, a prefeita ressaltou o seu compromisso com as demandas da Zona Rural. \u201cMeu objetivo aqui \u00e9 ouvir voc\u00eas e trazer solu\u00e7\u00f5es para as comunidades que aqui est\u00e3o presentes. Vamos garantir sa\u00fade, transporte coletivo, melhorias nas estradas vicinais e vamos trazer ilumina\u00e7\u00e3o em LED para a Zona Rural. Agora temos o Isalino, que vai registrar os pedidos de voc\u00eas nos distritos e vai fazer a interlocu\u00e7\u00e3o dos moradores locais com a Prefeitura de Juiz de Fora\u201d.<br \/>\n<strong>Estradas vicinais<\/strong><br \/>\nO secret\u00e1rio de Obras (SO), Lincoln Santos Lima, ressaltou a atua\u00e7\u00e3o do Programa Boniteza nas zonas rurais em 2021 com a realiza\u00e7\u00e3o de 17 a\u00e7\u00f5es de patrolamento, lan\u00e7amento de esc\u00f3ria para melhorias nas estradas, ilumina\u00e7\u00e3o da pra\u00e7a, manuten\u00e7\u00e3o de pontes, entre outros servi\u00e7os, e destacou que a PJF vai continuar trabalhando nestas \u00e1reas. \u201cN\u00f3s vamos trabalhar da forma correta e vamos contratar servi\u00e7os para melhorias de forma definitiva da qualidade das estradas vicinais e o Isalino vai nos auxiliar na fiscaliza\u00e7\u00e3o destes trabalhos\u201d.<br \/>\n<strong>Transporte coletivo<\/strong><br \/>\nO secret\u00e1rio de Mobilidade Urbana (SMU), Tadeu David, refor\u00e7ou que a Prefeitura de Juiz de Fora vai continuar fiscalizando os servi\u00e7os de transporte coletivo nos distritos. \u201cVamos fiscalizar e dar os encaminhamentos necess\u00e1rios para resolver os problemas de hor\u00e1rios e de falta de \u00f4nibus em Ros\u00e1rio de Minas e demais distritos da regi\u00e3o. Esse \u00e9 um compromisso da nossa gest\u00e3o\u201d.<br \/>\n<strong>Apoio aos produtores da regi\u00e3o<\/strong><br \/>\nA secret\u00e1ria de Agricultura, Pecu\u00e1ria e Abastecimento, Fab\u00edola Paulino da Silva, ressaltou as a\u00e7\u00f5es que est\u00e3o sendo feitas e elaboradas para apoio aos produtores e fomento da agricultura familiar. \u201cRos\u00e1rio de Minas \u00e9 o campe\u00e3o na participa\u00e7\u00e3o de agricultura e um importante parceiro no Comida Boa, com produ\u00e7\u00e3o de leite, mel, hortali\u00e7as e outros produtos. Temos concentrado nossos esfor\u00e7os para tornar todo o atendimento p\u00fablico e democr\u00e1tico e vamos lan\u00e7ar o Programa Caminhos da Produ\u00e7\u00e3o, que em breve ser\u00e1 anunciado para fortalecer a produ\u00e7\u00e3o rural\u201d.<\/p>\n<p>Margarida refor\u00e7ou o compromisso de sua gest\u00e3o com os produtores rurais. \u201cVamos destinar a produ\u00e7\u00e3o da agricultura familiar para as escolas, creches, associa\u00e7\u00f5es de pessoas idosas, restaurante popular e outros espa\u00e7os que v\u00e3o receber comida de qualidade proveniente da agricultura dos nossos distritos\u201d.<br \/>\n<strong>Visitas semanais<\/strong><br \/>\nAl\u00e9m das visitas nos distritos de Torre\u00f5es e Ros\u00e1rio de Minas, est\u00e3o sendo agendadas novas visitas na Zona Rural para as pr\u00f3ximas semanas.<\/p>\n","protected":false},"excerpt":{"rendered":"<p>Segundo informa\u00e7\u00f5es do site da Prefeitura de Juiz de Fora, com o objetivo de ouvir os pedidos da popula\u00e7\u00e3o rural, nesta quarta-feira, 9, a prefeita Margarida Salom\u00e3o e seu secretariado foram at\u00e9 Ros\u00e1rio de Minas. Al\u00e9m disso, foi apresentado o novo setor de a\u00e7\u00f5es na Zona Rural, que \u00e9 vinculado ao Gabinete de A\u00e7\u00e3o e [&hellip;]<\/p>\n","protected":false},"author":246,"featured_media":194883,"comment_status":"closed","ping_status":"closed","sticky":false,"template":"","format":"standard","meta":{"footnotes":""},"categories":[253,436,439],"tags":[],"class_list":["post-194882","post","type-post","status-publish","format-standard","has-post-thumbnail","hentry","category-cidade","category-destaque-da-semana","category-ultima-hora"],"_links":{"self":[{"href":"https:\/\/diarioregionaldigital.com.br\/index.php?rest_route=\/wp\/v2\/posts\/194882","targetHints":{"allow":["GET"]}}],"collection":[{"href":"https:\/\/diarioregionaldigital.com.br\/index.php?rest_route=\/wp\/v2\/posts"}],"about":[{"href":"https:\/\/diarioregionaldigital.com.br\/index.php?rest_route=\/wp\/v2\/types\/post"}],"author":[{"embeddable":true,"href":"https:\/\/diarioregionaldigital.com.br\/index.php?rest_route=\/wp\/v2\/users\/246"}],"replies":[{"embeddable":true,"href":"https:\/\/diarioregionaldigital.com.br\/index.php?rest_route=%2Fwp%2Fv2%2Fcomments&post=194882"}],"version-history":[{"count":1,"href":"https:\/\/diarioregionaldigital.com.br\/index.php?rest_route=\/wp\/v2\/posts\/194882\/revisions"}],"predecessor-version":[{"id":194884,"href":"https:\/\/diarioregionaldigital.com.br\/index.php?rest_route=\/wp\/v2\/posts\/194882\/revisions\/194884"}],"wp:featuredmedia":[{"embeddable":true,"href":"https:\/\/diarioregionaldigital.com.br\/index.php?rest_route=\/wp\/v2\/media\/194883"}],"wp:attachment":[{"href":"https:\/\/diarioregionaldigital.com.br\/index.php?rest_route=%2Fwp%2Fv2%2Fmedia&parent=194882"}],"wp:term":[{"taxonomy":"category","embeddable":true,"href":"https:\/\/diarioregionaldigital.com.br\/index.php?rest_route=%2Fwp%2Fv2%2Fcategories&post=194882"},{"taxonomy":"post_tag","embeddable":true,"href":"https:\/\/diarioregionaldigital.com.br\/index.php?rest_route=%2Fwp%2Fv2%2Ftags&post=194882"}],"curies":[{"name":"wp","href":"https:\/\/api.w.org\/{rel}","templated":true}]}}