{"id":194879,"date":"2022-02-10T15:24:46","date_gmt":"2022-02-10T18:24:46","guid":{"rendered":"https:\/\/diarioregionaldigital.com.br\/?p=194879"},"modified":"2022-02-10T15:24:46","modified_gmt":"2022-02-10T18:24:46","slug":"ubss-tem-horario-ampliado-para-continuar-aplicacao-de-vacina-contra-covid-19","status":"publish","type":"post","link":"https:\/\/diarioregionaldigital.com.br\/?p=194879","title":{"rendered":"UBSs t\u00eam hor\u00e1rio ampliado para continuar aplica\u00e7\u00e3o de vacina contra Covid-19"},"content":{"rendered":"<p>Segundo informa\u00e7\u00f5es do site da Prefeitura de Juiz de Fora, a Secretaria de Sa\u00fade (SS) da Prefeitura de Juiz de Fora (PJF) informa que a partir desta quarta-feira, 9, tr\u00eas Unidades B\u00e1sicas de Sa\u00fade (UBSs) permanecem com hor\u00e1rio de funcionamento estendido at\u00e9 \u00e0s 19h, a fim de continuar aplicando a vacina contra a Covid-19.<\/p>\n<p>As UBSs dos bairros Milho Branco, Benfica e Nossa Senhora das Gra\u00e7as est\u00e3o abertas ao p\u00fablico at\u00e9 \u00e0s 19h, oferecendo,\u00a0<strong>exclusivamente<\/strong>, as vacinas contra o coronav\u00edrus para adultos e crian\u00e7as. De acordo com a Subsecret\u00e1ria de Aten\u00e7\u00e3o \u00e0 Sa\u00fade, Joana D\u2019Arc Zanelli, a ideia \u00e9 capilarizar na regi\u00e3o o acesso \u00e0s vacinas. \u201cMuito importante esse trabalho de amplia\u00e7\u00e3o que a Secretaria de Sa\u00fade vem realizando desde o \u00faltimo ano, a fim de poder atender as pessoas em um hor\u00e1rio maior. Sabemos das dificuldades que muitos encontram perante os hor\u00e1rios regulares de vacina\u00e7\u00e3o,\u00a0 e por isso, estamos estendendo o per\u00edodo de atendimento, para que todos possam receber a dose\u201d.<\/p>\n<p>Todas estas unidades ir\u00e3o funcionar nos tr\u00eas per\u00edodos, manh\u00e3, de 8h \u00e0s 10h30; tarde, de 13 \u00e0s 16h\u00a0 (com exce\u00e7\u00e3o das quintas-feiras); e noite, das 17h \u00e0s 19h.<\/p>\n","protected":false},"excerpt":{"rendered":"<p>Segundo informa\u00e7\u00f5es do site da Prefeitura de Juiz de Fora, a Secretaria de Sa\u00fade (SS) da Prefeitura de Juiz de Fora (PJF) informa que a partir desta quarta-feira, 9, tr\u00eas Unidades B\u00e1sicas de Sa\u00fade (UBSs) permanecem com hor\u00e1rio de funcionamento estendido at\u00e9 \u00e0s 19h, a fim de continuar aplicando a vacina contra a Covid-19. As [&hellip;]<\/p>\n","protected":false},"author":246,"featured_media":194880,"comment_status":"closed","ping_status":"closed","sticky":false,"template":"","format":"standard","meta":{"footnotes":""},"categories":[253,436,440,439],"tags":[],"class_list":["post-194879","post","type-post","status-publish","format-standard","has-post-thumbnail","hentry","category-cidade","category-destaque-da-semana","category-destaques-do-dia","category-ultima-hora"],"_links":{"self":[{"href":"https:\/\/diarioregionaldigital.com.br\/index.php?rest_route=\/wp\/v2\/posts\/194879","targetHints":{"allow":["GET"]}}],"collection":[{"href":"https:\/\/diarioregionaldigital.com.br\/index.php?rest_route=\/wp\/v2\/posts"}],"about":[{"href":"https:\/\/diarioregionaldigital.com.br\/index.php?rest_route=\/wp\/v2\/types\/post"}],"author":[{"embeddable":true,"href":"https:\/\/diarioregionaldigital.com.br\/index.php?rest_route=\/wp\/v2\/users\/246"}],"replies":[{"embeddable":true,"href":"https:\/\/diarioregionaldigital.com.br\/index.php?rest_route=%2Fwp%2Fv2%2Fcomments&post=194879"}],"version-history":[{"count":1,"href":"https:\/\/diarioregionaldigital.com.br\/index.php?rest_route=\/wp\/v2\/posts\/194879\/revisions"}],"predecessor-version":[{"id":194881,"href":"https:\/\/diarioregionaldigital.com.br\/index.php?rest_route=\/wp\/v2\/posts\/194879\/revisions\/194881"}],"wp:featuredmedia":[{"embeddable":true,"href":"https:\/\/diarioregionaldigital.com.br\/index.php?rest_route=\/wp\/v2\/media\/194880"}],"wp:attachment":[{"href":"https:\/\/diarioregionaldigital.com.br\/index.php?rest_route=%2Fwp%2Fv2%2Fmedia&parent=194879"}],"wp:term":[{"taxonomy":"category","embeddable":true,"href":"https:\/\/diarioregionaldigital.com.br\/index.php?rest_route=%2Fwp%2Fv2%2Fcategories&post=194879"},{"taxonomy":"post_tag","embeddable":true,"href":"https:\/\/diarioregionaldigital.com.br\/index.php?rest_route=%2Fwp%2Fv2%2Ftags&post=194879"}],"curies":[{"name":"wp","href":"https:\/\/api.w.org\/{rel}","templated":true}]}}