{"id":194876,"date":"2022-02-10T14:50:36","date_gmt":"2022-02-10T17:50:36","guid":{"rendered":"https:\/\/diarioregionaldigital.com.br\/?p=194876"},"modified":"2022-02-10T14:50:36","modified_gmt":"2022-02-10T17:50:36","slug":"segunda-noite-do-premio-paralimpicos-consagra-campeoes-em-toquio","status":"publish","type":"post","link":"https:\/\/diarioregionaldigital.com.br\/?p=194876","title":{"rendered":"Segunda noite do Pr\u00eamio Paral\u00edmpicos consagra campe\u00f5es em T\u00f3quio"},"content":{"rendered":"<p>A segunda noite do Pr\u00eamio Paral\u00edmpicos, realizado pelo Comit\u00ea Paral\u00edmpico Brasileiro (CPB) e que homenageia os destaques do paradesporto brasileiro, coroou a temporada de Yelstin Jacques e Maria Carolina Santiago. Nesta quarta-feira (9), o velocista e a nadadora, campe\u00f5es nos Jogos de T\u00f3quio (Jap\u00e3o), foram eleitos os melhores atletas paral\u00edmpicos do pa\u00eds em 2021. Na ter\u00e7a-feira (8), eles haviam vencido as disputas nas respectivas modalidades (atletismo e nata\u00e7\u00e3o).<img decoding=\"async\" src=\"https:\/\/agenciabrasil.ebc.com.br\/ebc.png?id=1441397&amp;o=node\" \/><img decoding=\"async\" src=\"https:\/\/agenciabrasil.ebc.com.br\/ebc.gif?id=1441397&amp;o=node\" \/><\/p>\n<p>\u201c\u00c9 uma honra receber esse pr\u00eamio, que eu queria dedicar a cada atleta, a cada atleta-guia que nos acompanha, a cada tapper [profissional que auxilia os nadadores cegos nas provas]. Dedicar tamb\u00e9m \u00e0 minha fam\u00edlia, esposa, que me ajuda, faz papel de guia e me acompanha nos treinos\u201d, celebrou Yelstin, que foi duas vezes ao topo do p\u00f3dio da classe T11 (cegos) em T\u00f3quio, nos cinco mil e nos 1,5 mil metros (m), prova na qual quebrou o recorde mundial e obteve o cent\u00e9simo ouro paral\u00edmpico do Brasil.<\/p>\n<blockquote class=\"twitter-tweet\" data-twitter-extracted-i1644514716823403246=\"true\">\n<p dir=\"ltr\" lang=\"pt\" xml:lang=\"pt\">YELTSIN JACQUES \u00c9 O NOME DELE! Depois de dois ouros nos Jogos de T\u00f3quio, dentre elas a 100\u00aa dourada do Brasil em Jogos Paral\u00edmpicos, o velocista foi escolhido o Melhor atleta do ano!<a href=\"https:\/\/twitter.com\/hashtag\/Pr%C3%AAmioParal%C3%ADmpicos?src=hash&amp;ref_src=twsrc%5Etfw\">#Pr\u00eamioParal\u00edmpicos<\/a>\u00a0por\u00a0<a href=\"https:\/\/twitter.com\/loteriascaixa?ref_src=twsrc%5Etfw\">@loteriascaixa<\/a>\u00a0<a href=\"https:\/\/t.co\/czmVKsc5hc\">pic.twitter.com\/czmVKsc5hc<\/a><\/p>\n<p>\u2014 Comit\u00ea Paral\u00edmpico Brasileiro (@cpboficial)\u00a0<a href=\"https:\/\/twitter.com\/cpboficial\/status\/1491564387290734592?ref_src=twsrc%5Etfw\">February 10, 2022<\/a><\/p><\/blockquote>\n<p>\u201cQue noite incr\u00edvel! Estou muito feliz. Queria agradecer a Deus pela minha hist\u00f3ria e dedicar esse trof\u00e9u aos meus pais, que sempre me incentivaram desde crian\u00e7a, acompanharam desde crian\u00e7a. Eles s\u00e3o os grandes respons\u00e1veis por quem sou hoje. Agradecer \u00e0 minha comiss\u00e3o t\u00e9cnica, ao meu clube, Gr\u00eamio N\u00e1utico Uni\u00e3o [de Porto Alegre]. \u00c9 um trabalho conjunto, di\u00e1rio, de entrega. Eu tive os melhores profissionais ao lado\u201d, disse a nadadora Maria Carolina Santiago, campe\u00e3 paral\u00edmpica nos 50 e cem metros livre e nos 50 m peito na classe S12 (baixa vis\u00e3o).<\/p>\n<p>Carol ainda concorreu ao pr\u00eamio Atleta da Galera, em vota\u00e7\u00e3o on-line que terminou durante a cerim\u00f4nia desta quarta, mas Thalita Simpl\u00edcio levou a melhor. A velocista da classe T11 obteve 39% da prefer\u00eancia do p\u00fablico, tamb\u00e9m superando a concorr\u00eancia do nadador Gabriel Ara\u00fajo, da lan\u00e7adora Beth Gomes e do arremessador Thiago Paulino.<\/p>\n<p>\u201cEstou muito surpresa! Concorri com pessoas que est\u00e3o h\u00e1 tempo no esporte paral\u00edmpico. Ser\u00e1 um sonho ou verdade? [risos]. Esse trof\u00e9u \u00e9 nosso!\u201d, comemorou Thalita, prata nos cem e nos 200 m na capital japonesa.<\/p>\n<p>Gabrielzinho e Beth tamb\u00e9m sa\u00edram premiados. O nadador, que conquistou dois ouros na classe S2 (defici\u00eancia f\u00edsico-motora) em T\u00f3quio, foi eleito a revela\u00e7\u00e3o do paradesporto brasileiro. A lan\u00e7adora, campe\u00e3 da classe F52 (cadeirantes sem controle de tronco), ganhou o Pr\u00eamio Braskem, que homenageia o atleta que se destacou por um comportamento exemplar e inspirador, oferecido por um patrocinador da sele\u00e7\u00e3o de atletismo paral\u00edmpico.<\/p>\n<p>\u201cFico muito feliz de t\u00e3o novo, com 19 anos, conquistar as medalhas e esse pr\u00eamio. Agrade\u00e7o \u00e0queles que torceram por mim, que deram oportunidade. Tenho uma recorda\u00e7\u00e3o muito especial, que foi o dia no qual o Comit\u00ea abriu um camping para atletas de classes baixas [as de maior comprometimento f\u00edsico-motor] e foi ali que tive a certeza de que queria ser atleta\u201d, disse Gabriel, vencedor em T\u00f3quio nos 200 m livre e nos 50 m costas.<\/p>\n<p>\u201c\u00c9 um momento incr\u00edvel da minha vida. Quero agradecer \u00e0 fam\u00edlia, aos amigos e ao CPB, que me deu a oportunidade de continuar no esporte e alcan\u00e7ar os feitos. Quero agradecer tamb\u00e9m \u00e0 minha treinadora [Roseane Farias], pois sem ela n\u00e3o estaria aqui. N\u00e3o sei o que a esclerose m\u00faltipla pode trazer, ent\u00e3o, a cada dia, agrade\u00e7o a Deus por falar, ver e respirar\u201d, comentou Beth.<\/p>\n<p>A cerim\u00f4nia ainda teve homenagens aos ex-nadadores Daniel Dias e Andr\u00e9 Brasil. O primeiro encerrou a carreira ap\u00f3s os Jogos de T\u00f3quio, com 27 medalhas paral\u00edmpicas conquistadas, sendo 14 de ouro. O segundo, que foi 14 vezes ao p\u00f3dio em Paralimp\u00edadas, foi considerado ineleg\u00edvel para o movimento paral\u00edmpico ap\u00f3s uma pol\u00eamica reclassifica\u00e7\u00e3o funcional (processo que define a categoria na qual o atleta competir\u00e1) em 2019.<\/p>\n<p>\u201cS\u00f3 tenho a agradecer ao movimento paral\u00edmpico por ter feito parte dessa hist\u00f3ria, conquistado medalhas. Que bom ser brasileiro, poder ver o Gabrielzinho dan\u00e7ando aqui e no p\u00f3dio da nata\u00e7\u00e3o. A gente pode continuar a fazer hist\u00f3ria, ficar entre os cinco melhores do mundo [no quadro de medalhas]\u201d, declarou Daniel.<\/p>\n<p>\u201cVoc\u00eas me pegaram de surpresa [risos]. Existe vida ap\u00f3s o esporte. Acho que s\u00f3 tenho a agradecer. Isso [pr\u00eamio] s\u00f3 reflete o quanto \u00e9 gostoso fazer parte de algo que faz diferen\u00e7a para tanta gente. Que o esporte possa ser, de fato, ferramenta [de transforma\u00e7\u00e3o], como a gente quer e sempre fez\u201d, disse Andr\u00e9.<\/p>\n<p>Os melhores t\u00e9cnicos de 2021 tamb\u00e9m foram premiados. Entre as modalidades individuais, o ganhador foi Leonardo Tomasello, da nata\u00e7\u00e3o, que encerrou os Jogos de T\u00f3quio com o melhor desempenho na hist\u00f3ria: foram 23 medalhas, sendo oito de ouro, conquistadas por cinco atletas diferentes. Nos esportes coletivos, a vit\u00f3ria foi de Alessandro Tosim, que conduziu a sele\u00e7\u00e3o masculina de goalball ao in\u00e9dito t\u00edtulo paral\u00edmpico no Jap\u00e3o.<\/p>\n<p>Outros quatro pr\u00eamios foram entregues nesta quarta. O Aldo Miccolis, destinado a pessoas ou institui\u00e7\u00f5es que contribu\u00edram com o paradesporto, foi para Alberto Martins, diretor-t\u00e9cnico do CPB e chefe da delega\u00e7\u00e3o do pa\u00eds em T\u00f3quio. A Confedera\u00e7\u00e3o Brasileira de Desportos de Deficientes Visuais (CBDV) ganhou o Pr\u00eamio Caixa, voltado a entidades cujas modalidades brilharam nos Jogos. O coordenador m\u00e9dico do Comit\u00ea, Roberto Vital, recebeu o trof\u00e9u Mem\u00f3ria Paral\u00edmpica. J\u00e1 Pedro Guimar\u00e3es, presidente da Caixa Econ\u00f4mica Federal, foi eleito a Personalidade Paral\u00edmpica.<\/p>\n<p>Fonte: Ag\u00eancia Brasil<\/p>\n","protected":false},"excerpt":{"rendered":"<p>A segunda noite do Pr\u00eamio Paral\u00edmpicos, realizado pelo Comit\u00ea Paral\u00edmpico Brasileiro (CPB) e que homenageia os destaques do paradesporto brasileiro, coroou a temporada de Yelstin Jacques e Maria Carolina Santiago. Nesta quarta-feira (9), o velocista e a nadadora, campe\u00f5es nos Jogos de T\u00f3quio (Jap\u00e3o), foram eleitos os melhores atletas paral\u00edmpicos do pa\u00eds em 2021. Na [&hellip;]<\/p>\n","protected":false},"author":246,"featured_media":194877,"comment_status":"closed","ping_status":"closed","sticky":false,"template":"","format":"standard","meta":{"footnotes":""},"categories":[436,257,439],"tags":[],"class_list":["post-194876","post","type-post","status-publish","format-standard","has-post-thumbnail","hentry","category-destaque-da-semana","category-esporte","category-ultima-hora"],"_links":{"self":[{"href":"https:\/\/diarioregionaldigital.com.br\/index.php?rest_route=\/wp\/v2\/posts\/194876","targetHints":{"allow":["GET"]}}],"collection":[{"href":"https:\/\/diarioregionaldigital.com.br\/index.php?rest_route=\/wp\/v2\/posts"}],"about":[{"href":"https:\/\/diarioregionaldigital.com.br\/index.php?rest_route=\/wp\/v2\/types\/post"}],"author":[{"embeddable":true,"href":"https:\/\/diarioregionaldigital.com.br\/index.php?rest_route=\/wp\/v2\/users\/246"}],"replies":[{"embeddable":true,"href":"https:\/\/diarioregionaldigital.com.br\/index.php?rest_route=%2Fwp%2Fv2%2Fcomments&post=194876"}],"version-history":[{"count":1,"href":"https:\/\/diarioregionaldigital.com.br\/index.php?rest_route=\/wp\/v2\/posts\/194876\/revisions"}],"predecessor-version":[{"id":194878,"href":"https:\/\/diarioregionaldigital.com.br\/index.php?rest_route=\/wp\/v2\/posts\/194876\/revisions\/194878"}],"wp:featuredmedia":[{"embeddable":true,"href":"https:\/\/diarioregionaldigital.com.br\/index.php?rest_route=\/wp\/v2\/media\/194877"}],"wp:attachment":[{"href":"https:\/\/diarioregionaldigital.com.br\/index.php?rest_route=%2Fwp%2Fv2%2Fmedia&parent=194876"}],"wp:term":[{"taxonomy":"category","embeddable":true,"href":"https:\/\/diarioregionaldigital.com.br\/index.php?rest_route=%2Fwp%2Fv2%2Fcategories&post=194876"},{"taxonomy":"post_tag","embeddable":true,"href":"https:\/\/diarioregionaldigital.com.br\/index.php?rest_route=%2Fwp%2Fv2%2Ftags&post=194876"}],"curies":[{"name":"wp","href":"https:\/\/api.w.org\/{rel}","templated":true}]}}