{"id":194864,"date":"2022-02-10T14:33:54","date_gmt":"2022-02-10T17:33:54","guid":{"rendered":"https:\/\/diarioregionaldigital.com.br\/?p=194864"},"modified":"2022-02-10T14:33:54","modified_gmt":"2022-02-10T17:33:54","slug":"estado-mantem-acoes-de-apoio-a-produtores-prejudicados-pelas-chuvas","status":"publish","type":"post","link":"https:\/\/diarioregionaldigital.com.br\/?p=194864","title":{"rendered":"Estado mant\u00e9m a\u00e7\u00f5es de apoio a produtores prejudicados pelas chuvas"},"content":{"rendered":"<p>Ainda sob efeito das chuvas no estado, que atrapalham os trabalhos no campo, as equipes da<a href=\"https:\/\/www.emater.mg.gov.br\/\" target=\"_blank\" rel=\"noopener\">\u00a0Emater-MG<\/a>\u00a0continuam a percorrer as propriedades rurais para prestar ajuda aos produtores que tiveram perdas devido \u00e0s tempestades. Um dos munic\u00edpios bastante afetados, S\u00e3o Joaquim de Bicas, na Regi\u00e3o Metropolitana de Belo Horizonte, registra muitos agricultores que tiveram grandes preju\u00edzos nas lavouras, especialmente os que atuam no cultivo de hortali\u00e7as.<\/p>\n<p>O extensionista local Vitor Lucas Marques Silva conta que as culturas mais atingidas foram as folhosas, como alface, couve, almeir\u00e3o, cebolinha e outras. \u201cS\u00e3o plantas que n\u00e3o conseguem suportar grande intensidade de chuvas&#8221;, justifica. Ele aponta ainda o preju\u00edzo em \u00e1reas de ab\u00f3bora e chuchu.<\/p>\n<p>Produtor, Geraldo Camilo Machado cultiva hortali\u00e7as no munic\u00edpio h\u00e1 mais de 30 anos e diz nunca ter sofrido tantas perdas por causa das chuvas. Ele conta que colhia cerca de 2,4 mil caixas de verduras por dia. Agora, est\u00e1 tirando a m\u00e9dia de 200 a 400. \u201cJ\u00e1 tive muita perda por causa de granizo, mas por chuvas em excesso \u00e9 a primeira vez. Vou ficar um bom per\u00edodo at\u00e9 recuperar tudo, pois muitas culturas demandam replantio, at\u00e9 para obter as mudas, como a couve\u201d, registra o agricultor.<\/p>\n<p>O t\u00e9cnico local estima prazo superior a um m\u00eas at\u00e9 que a produ\u00e7\u00e3o se recupere. \u201cCom rela\u00e7\u00e3o \u00e0s folhosas, o ciclo \u00e9 muito r\u00e1pido. Ent\u00e3o, com 40 dias, no caso da alface, acredito que os agricultores devem ter o produto novamente para a venda. Mas, estamos contando apenas com as chuvas que j\u00e1 ca\u00edram, n\u00e3o d\u00e1 para saber como estar\u00e1 o tempo daqui para frente\u201d, observa.<\/p>\n<p><strong>Demandas<\/strong><\/p>\n<p>Coordenador regional de Horticultura da Emater-MG, Wagner Fani conta que alguns munic\u00edpios do entorno de Bicas tamb\u00e9m enfrentam situa\u00e7\u00e3o semelhante. \u201cA gente tem procurado acompanhar o agricultor, juntamente com as secretarias municipais de Agricultura e de Meio Ambiente, tentando levantar as poss\u00edveis perdas, principalmente de de hortali\u00e7as, que mais sofreram com as chuvas intensas&#8221;, diz<\/p>\n<p>Al\u00e9m do levantamento de perdas, os extensionistas da Emater-MG est\u00e3o orientando produtores sobre o plantio em n\u00edvel para ajudar no carreamento das \u00e1guas e ensinando sobre a import\u00e2ncia de manter o solo coberto para evitar eros\u00f5es e o deslocamento de terra.<\/p>\n<p>Outra iniciativa importante dos profissionais da empresa p\u00fablica de extens\u00e3o rural tem sido a orienta\u00e7\u00e3o sobre acesso ao cr\u00e9dito rural, que pode auxiliar agricultores a se manterem at\u00e9 que a produ\u00e7\u00e3o seja regularizada e a recuperar as lavouras atingidas.<\/p>\n<p>\u201cOs produtores que tiveram grandes perdas tamb\u00e9m podem procurar os bancos para renegociar as d\u00edvidas agr\u00edcolas. Esse tipo de renegocia\u00e7\u00e3o est\u00e1 prevista no Manual de Cr\u00e9dito Rural, do Banco Central. A institui\u00e7\u00e3o banc\u00e1ria que concedeu o cr\u00e9dito deve pedir um laudo t\u00e9cnico, como os emitidos pela Emater-MG. Na pr\u00f3pria ag\u00eancia o produtor recebe todas as orienta\u00e7\u00f5es de como proceder\u201d, explica o coordenador t\u00e9cnico estadual de Cr\u00e9dito Rural da Emater-MG, Jos\u00e9 Henrique Barbosa.<\/p>\n<p><strong>Granizo<\/strong><\/p>\n<p>Em dezembro de 2021, a regi\u00e3o de Ravena, distrito de Sabar\u00e1, foi assolada por uma tempestade de granizo que destruiu aproximadamente 70% da produ\u00e7\u00e3o local. Na \u00e9poca, alguns agricultores perderam de 70% a 100% da produ\u00e7\u00e3o. A situa\u00e7\u00e3o foi agravada pelas chuvas torrenciais de janeiro de 2022, que prejudicaram o trabalho de recupera\u00e7\u00e3o das lavouras. O principal produto agr\u00edcola do distrito \u00e9 a banana.<\/p>\n<p>Desde ent\u00e3o, a Emater-MG est\u00e1 mobilizando os agricultores atingidos e realizando levantamento das perdas individuais. A empresa fez ainda um diagn\u00f3stico mais preciso com drone em duas propriedades atingidas que t\u00eam a certifica\u00e7\u00e3o de banana org\u00e2nica pelo IBD.<\/p>\n<p>\u201cEm uma delas, calculamos que o produtor teve cerca de 36,9% da \u00e1rea de bananal afetada. J\u00e1 na outra, diante do quadro de perdas, chegamos a 43,8% do territ\u00f3rio prejudicado. Nos dois casos, estima-se que a produtividade caia mais de 21%\u201d, diz o coordenador estadual de Tecnologia e Inova\u00e7\u00e3o da Emater-MG, P\u00e9ricles Marques.<\/p>\n<p><strong>Dados<\/strong><\/p>\n<p>O levantamento das a\u00e7\u00f5es executadas pela empresa mostra que, at\u00e9 o dia 2\/2, relat\u00f3rios da produ\u00e7\u00e3o agropecu\u00e1ria afetada foram enviados a 403 prefeituras, acompanhados de dados climatol\u00f3gicos.<\/p>\n<p>Essas informa\u00e7\u00f5es t\u00eam subsidiado as prefeituras na elabora\u00e7\u00e3o dos decretos emergenciais nos munic\u00edpios. J\u00e1 o servi\u00e7o de assist\u00eancia t\u00e9cnica, com orienta\u00e7\u00f5es sobre o controle fitossanit\u00e1rio de doen\u00e7as f\u00fangicas que afetam a produ\u00e7\u00e3o durante o per\u00edodo chuvoso, foi entregue a 609 agricultores. Esse controle \u00e9 necess\u00e1rio para a preven\u00e7\u00e3o de doen\u00e7as oportunistas que tamb\u00e9m afetam a produ\u00e7\u00e3o.<\/p>\n<p>Os profissionais da Emater-MG fizeram, ainda, mais de cem projetos t\u00e9cnicos para produtores rurais, visando \u00e0 capta\u00e7\u00e3o de recursos de cerca de R$ 9 milh\u00f5es, al\u00e9m da elabora\u00e7\u00e3o de laudos t\u00e9cnicos individuais gratuitos para a agricultura familiar e o apoio aos munic\u00edpios e aos mais de 40 mil agricultores familiares inscritos no Garantia-Safra.<\/p>\n<p>O programa federal recebe aporte financeiro do\u00a0<a href=\"https:\/\/www.mg.gov.br\/\" target=\"_blank\" rel=\"noopener\">Governo de Minas<\/a>\u00a0para a concess\u00e3o de benef\u00edcio financeiro em caso de perda da safra devido \u00e0 estiagem ou excesso de chuvas.<\/p>\n<p>Em resposta \u00e0s demandas surgidas com as fortes chuvas, o Estado lan\u00e7ou o programa Recupera Minas com destina\u00e7\u00e3o de R$ 603 milh\u00f5es em recursos estaduais para a\u00e7\u00f5es de infraestrutura e suporte a pessoas e cidades afetadas.<\/p>\n<p>Fonte: Ag\u00eancia Minas<\/p>\n","protected":false},"excerpt":{"rendered":"<p>Ainda sob efeito das chuvas no estado, que atrapalham os trabalhos no campo, as equipes da\u00a0Emater-MG\u00a0continuam a percorrer as propriedades rurais para prestar ajuda aos produtores que tiveram perdas devido \u00e0s tempestades. Um dos munic\u00edpios bastante afetados, S\u00e3o Joaquim de Bicas, na Regi\u00e3o Metropolitana de Belo Horizonte, registra muitos agricultores que tiveram grandes preju\u00edzos nas [&hellip;]<\/p>\n","protected":false},"author":246,"featured_media":194865,"comment_status":"closed","ping_status":"closed","sticky":false,"template":"","format":"standard","meta":{"footnotes":""},"categories":[436,254,439],"tags":[],"class_list":["post-194864","post","type-post","status-publish","format-standard","has-post-thumbnail","hentry","category-destaque-da-semana","category-politica","category-ultima-hora"],"_links":{"self":[{"href":"https:\/\/diarioregionaldigital.com.br\/index.php?rest_route=\/wp\/v2\/posts\/194864","targetHints":{"allow":["GET"]}}],"collection":[{"href":"https:\/\/diarioregionaldigital.com.br\/index.php?rest_route=\/wp\/v2\/posts"}],"about":[{"href":"https:\/\/diarioregionaldigital.com.br\/index.php?rest_route=\/wp\/v2\/types\/post"}],"author":[{"embeddable":true,"href":"https:\/\/diarioregionaldigital.com.br\/index.php?rest_route=\/wp\/v2\/users\/246"}],"replies":[{"embeddable":true,"href":"https:\/\/diarioregionaldigital.com.br\/index.php?rest_route=%2Fwp%2Fv2%2Fcomments&post=194864"}],"version-history":[{"count":1,"href":"https:\/\/diarioregionaldigital.com.br\/index.php?rest_route=\/wp\/v2\/posts\/194864\/revisions"}],"predecessor-version":[{"id":194866,"href":"https:\/\/diarioregionaldigital.com.br\/index.php?rest_route=\/wp\/v2\/posts\/194864\/revisions\/194866"}],"wp:featuredmedia":[{"embeddable":true,"href":"https:\/\/diarioregionaldigital.com.br\/index.php?rest_route=\/wp\/v2\/media\/194865"}],"wp:attachment":[{"href":"https:\/\/diarioregionaldigital.com.br\/index.php?rest_route=%2Fwp%2Fv2%2Fmedia&parent=194864"}],"wp:term":[{"taxonomy":"category","embeddable":true,"href":"https:\/\/diarioregionaldigital.com.br\/index.php?rest_route=%2Fwp%2Fv2%2Fcategories&post=194864"},{"taxonomy":"post_tag","embeddable":true,"href":"https:\/\/diarioregionaldigital.com.br\/index.php?rest_route=%2Fwp%2Fv2%2Ftags&post=194864"}],"curies":[{"name":"wp","href":"https:\/\/api.w.org\/{rel}","templated":true}]}}