{"id":194858,"date":"2022-02-10T14:29:21","date_gmt":"2022-02-10T17:29:21","guid":{"rendered":"https:\/\/diarioregionaldigital.com.br\/?p=194858"},"modified":"2022-02-10T14:29:21","modified_gmt":"2022-02-10T17:29:21","slug":"minas-atinge-cerca-de-80-da-cobertura-vacinal-entre-pessoas-com-cinco-anos-ou-mais","status":"publish","type":"post","link":"https:\/\/diarioregionaldigital.com.br\/?p=194858","title":{"rendered":"Minas atinge cerca de 80% da cobertura vacinal entre pessoas com cinco anos ou mais"},"content":{"rendered":"<p>Quase 400 mil crian\u00e7as de 5 a 11 anos j\u00e1 receberam a primeira dose da vacina contra a covid-19 em Minas Gerais. Segundo dados do\u00a0<a href=\"https:\/\/coronavirus.saude.mg.gov.br\/vacinometro\" target=\"_blank\" rel=\"noopener\">Vacin\u00f4metro Infantil<\/a>, s\u00e3o 391.580 pequenos imunizados &#8211; cerca 20% desse p\u00fablico. E a expectativa \u00e9 a de que esse n\u00famero cres\u00e7a nos pr\u00f3ximos dias: ao todo, j\u00e1 foram enviadas aos munic\u00edpios mais de 1,2 milh\u00e3o de doses da vacina pedi\u00e1trica.<\/p>\n<p>\u201cEstamos muito pr\u00f3ximos de atingir 80% de cobertura vacinal em duas doses para o p\u00fablico de cinco anos ou mais\u201d, pontuou o secret\u00e1rio de Estado de\u00a0<a href=\"http:\/\/www.saude.mg.gov.br\/\" target=\"_blank\" rel=\"noopener\">Sa\u00fade<\/a>, o m\u00e9dico F\u00e1bio Baccheretti, nesta quinta-feira (10\/2), durante reuni\u00e3o do Comit\u00ea Extraordin\u00e1rio Covid-19, grupo que avalia a situa\u00e7\u00e3o da pandemia no estado.<\/p>\n<p>Ele refor\u00e7ou, ainda, que o in\u00edcio do ano letivo nas escolas contribuiu para aumentar a procura por imuniza\u00e7\u00e3o entre os pequenos. \u201cO retorno \u00e0s aulas foi bastante positivo para a vacina\u00e7\u00e3o e as campanhas para as fam\u00edlias tamb\u00e9m t\u00eam surtido efeito. Espero que, na escola, vendo os colegas vacinados, mais pais e crian\u00e7as se sintam estimulados e convidados a buscar prote\u00e7\u00e3o contra a doen\u00e7a\u201d, acrescentou.<\/p>\n<p><strong>Cen\u00e1rio<\/strong><\/p>\n<p>O avan\u00e7o da cobertura vacinal, combinado \u00e0 exist\u00eancia de uma variante mais infectante, por\u00e9m menos letal, tem alterado o cen\u00e1rio da covid no mundo. Embora tenha havido aumento de cont\u00e1gio ap\u00f3s as festas de final de ano, agora a taxa de incid\u00eancia da doen\u00e7a volta a cair em algumas regi\u00f5es. E Minas Gerais registra atualmente a menor taxa de ocupa\u00e7\u00e3o de leitos UTI Covid do Brasil.<\/p>\n<p>Com isso, a divis\u00e3o em ondas (roxa, vermelha, verde e amarela) estabelecida no\u00a0<a href=\"https:\/\/www.mg.gov.br\/minasconsciente\" target=\"_blank\" rel=\"noopener\">Minas Consciente<\/a>, plano criado para a retomada da economia de forma gradual e segura no estado, n\u00e3o ser\u00e1 mais adotada. \u201cNessas condi\u00e7\u00f5es, o Minas Consciente n\u00e3o est\u00e1 refletindo mais a realidade. Os indicadores n\u00e3o est\u00e3o acompanhando esse modelo de a\u00e7\u00e3o, porque as variantes s\u00e3o menos letais e as pessoas est\u00e3o vacinadas\u201d, observa F\u00e1bio Baccheretti.<\/p>\n<p><strong>Nova metodologia<\/strong><\/p>\n<p>Assim, conforme o secret\u00e1rio, ser\u00e1 preciso estabelecer novos protocolos e outra maneira de categorizar os desdobramentos da covid-19 no estado. Ele destaca que a nova metodologia est\u00e1 sendo elaborada a partir de dados mais consistentes sobre o atual cen\u00e1rio. Os indicadores devem ser apresentados no fim de fevereiro, com informa\u00e7\u00f5es consolidadas.<\/p>\n<p>\u201cN\u00e3o h\u00e1 d\u00favida alguma de que a situa\u00e7\u00e3o est\u00e1 melhorando como um todo. Vamos propor a\u00e7\u00f5es espec\u00edficas e regionais para cada caso de aumento ou recuo da doen\u00e7a\u201d, explica o m\u00e9dico. Para as pr\u00f3ximas duas semanas, o estado se mant\u00e9m na onda verde, a menos restritiva do plano.<\/p>\n<p>Fonte: Ag\u00eancia Minas<\/p>\n","protected":false},"excerpt":{"rendered":"<p>Quase 400 mil crian\u00e7as de 5 a 11 anos j\u00e1 receberam a primeira dose da vacina contra a covid-19 em Minas Gerais. Segundo dados do\u00a0Vacin\u00f4metro Infantil, s\u00e3o 391.580 pequenos imunizados &#8211; cerca 20% desse p\u00fablico. E a expectativa \u00e9 a de que esse n\u00famero cres\u00e7a nos pr\u00f3ximos dias: ao todo, j\u00e1 foram enviadas aos munic\u00edpios [&hellip;]<\/p>\n","protected":false},"author":246,"featured_media":194859,"comment_status":"closed","ping_status":"closed","sticky":false,"template":"","format":"standard","meta":{"footnotes":""},"categories":[436,254,439],"tags":[],"class_list":["post-194858","post","type-post","status-publish","format-standard","has-post-thumbnail","hentry","category-destaque-da-semana","category-politica","category-ultima-hora"],"_links":{"self":[{"href":"https:\/\/diarioregionaldigital.com.br\/index.php?rest_route=\/wp\/v2\/posts\/194858","targetHints":{"allow":["GET"]}}],"collection":[{"href":"https:\/\/diarioregionaldigital.com.br\/index.php?rest_route=\/wp\/v2\/posts"}],"about":[{"href":"https:\/\/diarioregionaldigital.com.br\/index.php?rest_route=\/wp\/v2\/types\/post"}],"author":[{"embeddable":true,"href":"https:\/\/diarioregionaldigital.com.br\/index.php?rest_route=\/wp\/v2\/users\/246"}],"replies":[{"embeddable":true,"href":"https:\/\/diarioregionaldigital.com.br\/index.php?rest_route=%2Fwp%2Fv2%2Fcomments&post=194858"}],"version-history":[{"count":1,"href":"https:\/\/diarioregionaldigital.com.br\/index.php?rest_route=\/wp\/v2\/posts\/194858\/revisions"}],"predecessor-version":[{"id":194860,"href":"https:\/\/diarioregionaldigital.com.br\/index.php?rest_route=\/wp\/v2\/posts\/194858\/revisions\/194860"}],"wp:featuredmedia":[{"embeddable":true,"href":"https:\/\/diarioregionaldigital.com.br\/index.php?rest_route=\/wp\/v2\/media\/194859"}],"wp:attachment":[{"href":"https:\/\/diarioregionaldigital.com.br\/index.php?rest_route=%2Fwp%2Fv2%2Fmedia&parent=194858"}],"wp:term":[{"taxonomy":"category","embeddable":true,"href":"https:\/\/diarioregionaldigital.com.br\/index.php?rest_route=%2Fwp%2Fv2%2Fcategories&post=194858"},{"taxonomy":"post_tag","embeddable":true,"href":"https:\/\/diarioregionaldigital.com.br\/index.php?rest_route=%2Fwp%2Fv2%2Ftags&post=194858"}],"curies":[{"name":"wp","href":"https:\/\/api.w.org\/{rel}","templated":true}]}}