{"id":194855,"date":"2022-02-10T14:26:46","date_gmt":"2022-02-10T17:26:46","guid":{"rendered":"https:\/\/diarioregionaldigital.com.br\/?p=194855"},"modified":"2022-02-10T14:26:46","modified_gmt":"2022-02-10T17:26:46","slug":"pico-da-onda-de-covid-passou-informa-secretario-de-saude","status":"publish","type":"post","link":"https:\/\/diarioregionaldigital.com.br\/?p=194855","title":{"rendered":"&#8220;Pico da onda de covid passou&#8221;, informa secret\u00e1rio de Sa\u00fade"},"content":{"rendered":"<p>&#8220;Minas j\u00e1 superou o pico de novos casos registrados de covid-19 e a tend\u00eancia \u00e9 de queda nos pr\u00f3ximos dias&#8221;. A fala \u00e9 do m\u00e9dico e secret\u00e1rio de Estado de\u00a0<a href=\"https:\/\/www.saude.mg.gov.br\/\" target=\"_blank\" rel=\"noopener\">Sa\u00fade<\/a>, F\u00e1bio Baccheretti, que apresentou, nesta quinta-feira (10\/2), em coletiva na Cidade Administrativa, em Belo Horizonte, dados sobre a m\u00e9dia m\u00f3vel projetada e confirmada para os dias 1 e 2\/2, al\u00e9m da observa\u00e7\u00e3o de uma descida na curva de casos.<\/p>\n<p>Segundo o secret\u00e1rio, devido \u00e0 extens\u00e3o territorial do estado, a queda do n\u00famero de novos registros de covid-19 ainda n\u00e3o se apresenta de forma homog\u00eanea em todas as regi\u00f5es, mas j\u00e1 \u00e9 notada nas \u00e1reas mais populosas. \u201cAs maiores regi\u00f5es mineiras, especialmente Centro e Tri\u00e2ngulo do Sul, s\u00e3o os destaques no que se refere a essa queda no n\u00famero de novos casos\u201d, disse.<\/p>\n<p>Com rela\u00e7\u00e3o \u00e0s mortes, F\u00e1bio Baccheretti pontuou que os n\u00fameros atuais est\u00e3o relacionados \u00e0s interna\u00e7\u00f5es de duas semanas atr\u00e1s, per\u00edodo em que a pandemia atingiu o auge no estado. Assim, espera-se uma redu\u00e7\u00e3o tamb\u00e9m nesse indicador nos pr\u00f3ximos dias. \u201cCom a diminui\u00e7\u00e3o dos novos casos e do n\u00famero de pacientes aguardando interna\u00e7\u00e3o, a expectativa \u00e9 a de que daqui a duas semanas tamb\u00e9m comece a cair o n\u00famero de \u00f3bitos por covid em Minas\u201d, detalhou.<\/p>\n<p><strong>Sublinhagem da \u00f4micron<\/strong><\/p>\n<p>Quanto ao surgimento da sublinhagem BA.2 da variante \u00f4micron, o secret\u00e1rio explicou que n\u00e3o h\u00e1 expectativa de que a nova cepa cause uma piora no cen\u00e1rio da pandemia no estado. At\u00e9 o momento, n\u00e3o foi notificado nenhum caso da referida sublinhagem em Minas Gerais.<\/p>\n<p><strong>Avan\u00e7o na vacina\u00e7\u00e3o\u00a0<\/strong><\/p>\n<p>F\u00e1bio Baccheretti destacou, ainda, a import\u00e2ncia da vacina\u00e7\u00e3o das crian\u00e7as, e tamb\u00e9m da aplica\u00e7\u00e3o da segunda dose e da dose de refor\u00e7o nos adultos como forma mais eficaz de se vencer a pandemia.<\/p>\n<p>\u201cNo que se refere \u00e0 imuniza\u00e7\u00e3o infantil, percebemos uma acelera\u00e7\u00e3o na \u00faltima semana, mas queremos avan\u00e7ar ainda mais. J\u00e1 sobre a imuniza\u00e7\u00e3o dos adultos, cerca de 2,4 milh\u00f5es de mineiros ainda est\u00e3o sem a segunda dose da vacina contra covid. Por isso, precisamos garantir a vacina\u00e7\u00e3o infantil e a dose de refor\u00e7o da popula\u00e7\u00e3o, para termos certeza de que os mineiros est\u00e3o protegidos\u201d, alertou o secret\u00e1rio.<\/p>\n<p>At\u00e9 o momento (10\/2\/2022), Minas Gerais j\u00e1 aplicou mais de 38 milh\u00f5es de doses de imunizantes contra covid. Segundo dados do Vacin\u00f4metro da SES-MG (https:\/\/coronavirus.saude.mg.gov.br\/vacinometro), 79,23% dos mineiros tomaram a primeira dose (D1) e 74,97% da popula\u00e7\u00e3o j\u00e1 tomou a segunda dose (D2). A cobertura vacinal relacionada \u00e0 dose de refor\u00e7o (DR) est\u00e1 em 34,32%.<\/p>\n<p>Quanto \u00e0 vacina\u00e7\u00e3o infantil, foram aplicadas 391.580 doses em crian\u00e7as de 5 a 11 anos e a cobertura para a D1 est\u00e1 em 21,05%.<\/p>\n<p>Fonte: Ag\u00eancia Minas<\/p>\n","protected":false},"excerpt":{"rendered":"<p>&#8220;Minas j\u00e1 superou o pico de novos casos registrados de covid-19 e a tend\u00eancia \u00e9 de queda nos pr\u00f3ximos dias&#8221;. A fala \u00e9 do m\u00e9dico e secret\u00e1rio de Estado de\u00a0Sa\u00fade, F\u00e1bio Baccheretti, que apresentou, nesta quinta-feira (10\/2), em coletiva na Cidade Administrativa, em Belo Horizonte, dados sobre a m\u00e9dia m\u00f3vel projetada e confirmada para os [&hellip;]<\/p>\n","protected":false},"author":246,"featured_media":194856,"comment_status":"closed","ping_status":"closed","sticky":false,"template":"","format":"standard","meta":{"footnotes":""},"categories":[436,440,254,439],"tags":[],"class_list":["post-194855","post","type-post","status-publish","format-standard","has-post-thumbnail","hentry","category-destaque-da-semana","category-destaques-do-dia","category-politica","category-ultima-hora"],"_links":{"self":[{"href":"https:\/\/diarioregionaldigital.com.br\/index.php?rest_route=\/wp\/v2\/posts\/194855","targetHints":{"allow":["GET"]}}],"collection":[{"href":"https:\/\/diarioregionaldigital.com.br\/index.php?rest_route=\/wp\/v2\/posts"}],"about":[{"href":"https:\/\/diarioregionaldigital.com.br\/index.php?rest_route=\/wp\/v2\/types\/post"}],"author":[{"embeddable":true,"href":"https:\/\/diarioregionaldigital.com.br\/index.php?rest_route=\/wp\/v2\/users\/246"}],"replies":[{"embeddable":true,"href":"https:\/\/diarioregionaldigital.com.br\/index.php?rest_route=%2Fwp%2Fv2%2Fcomments&post=194855"}],"version-history":[{"count":1,"href":"https:\/\/diarioregionaldigital.com.br\/index.php?rest_route=\/wp\/v2\/posts\/194855\/revisions"}],"predecessor-version":[{"id":194857,"href":"https:\/\/diarioregionaldigital.com.br\/index.php?rest_route=\/wp\/v2\/posts\/194855\/revisions\/194857"}],"wp:featuredmedia":[{"embeddable":true,"href":"https:\/\/diarioregionaldigital.com.br\/index.php?rest_route=\/wp\/v2\/media\/194856"}],"wp:attachment":[{"href":"https:\/\/diarioregionaldigital.com.br\/index.php?rest_route=%2Fwp%2Fv2%2Fmedia&parent=194855"}],"wp:term":[{"taxonomy":"category","embeddable":true,"href":"https:\/\/diarioregionaldigital.com.br\/index.php?rest_route=%2Fwp%2Fv2%2Fcategories&post=194855"},{"taxonomy":"post_tag","embeddable":true,"href":"https:\/\/diarioregionaldigital.com.br\/index.php?rest_route=%2Fwp%2Fv2%2Ftags&post=194855"}],"curies":[{"name":"wp","href":"https:\/\/api.w.org\/{rel}","templated":true}]}}