{"id":194846,"date":"2022-02-10T13:59:47","date_gmt":"2022-02-10T16:59:47","guid":{"rendered":"https:\/\/diarioregionaldigital.com.br\/?p=194846"},"modified":"2022-02-10T13:59:47","modified_gmt":"2022-02-10T16:59:47","slug":"setor-de-servicos-cresceu-109-em-2021-informa-o-ibge","status":"publish","type":"post","link":"https:\/\/diarioregionaldigital.com.br\/?p=194846","title":{"rendered":"Setor de servi\u00e7os cresceu 10,9% em 2021, informa o IBGE"},"content":{"rendered":"<p>O setor de servi\u00e7os cresceu 10,9% em 2021, ap\u00f3s uma queda de 7,8% em 2020. De acordo com o Instituto Brasileiro de Geografia e Estat\u00edstica (IBGE), que divulgou hoje (10) os dados da Pesquisa Mensal de Servi\u00e7os (PMS), a taxa do ano passado foi a maior para um fechamento anual desde o in\u00edcio da s\u00e9rie hist\u00f3rica em 2012. Em dezembro o setor teve expans\u00e3o de 1,4% em rela\u00e7\u00e3o a\u00a0novembro.<img decoding=\"async\" src=\"https:\/\/agenciabrasil.ebc.com.br\/ebc.png?id=1441474&amp;o=node\" \/><img decoding=\"async\" src=\"https:\/\/agenciabrasil.ebc.com.br\/ebc.gif?id=1441474&amp;o=node\" \/><\/p>\n<p>Com esse desempenho, o setor de servi\u00e7os ampliou o distanciamento com rela\u00e7\u00e3o ao n\u00edvel pr\u00e9-pandemia e ficou 6,6% acima do registrado em fevereiro de 2020. Al\u00e9m disso, atingiu o maior patamar desde agosto de 2015. No entanto, ainda se encontra 5,6% abaixo do recorde alcan\u00e7ado em novembro de 2014.<\/p>\n<p>Na compara\u00e7\u00e3o com dezembro de 2020, o setor apresentou a d\u00e9cima taxa positiva consecutiva, com 10,4%. O acumulado nos \u00faltimos 12 meses \u00e9 de 9,5% at\u00e9 novembro e de 10,9% at\u00e9 dezembro, o que significa que manteve a trajet\u00f3ria ascendente desde fevereiro de 2021, quando registrou queda de 8,6%.<\/p>\n<p>Entre 2012 e 2019 o setor de servi\u00e7os acumulou uma varia\u00e7\u00e3o positiva de 0,1%. No bi\u00eanio 2020-2021 cresceu 2,2%, e boa parte do crescimento acumulado de 2,3% dos \u00faltimos 10 anos se deve ao desempenho mais din\u00e2mico de alguns segmentos de servi\u00e7os em 2021.<\/p>\n<p>\u201cNos primeiros meses de 2020, o setor de servi\u00e7os foi duramente afetado em fun\u00e7\u00e3o da necessidade de isolamento social e do fechamento dos estabelecimentos que prestavam servi\u00e7os de car\u00e1ter presencial. Por outro lado, a pandemia trouxe oportunidades de neg\u00f3cios para servi\u00e7os voltados \u00e0s empresas como os de tecnologia da informa\u00e7\u00e3o, transporte de cargas, armazenagem, log\u00edstica de transporte e servi\u00e7os financeiros auxiliares, que tiveram ganhos mais expressivos e compensaram as perdas dos servi\u00e7os de car\u00e1ter presencial\u201d, disse o gerente da pesquisa, Rodrigo Lobo.<\/p>\n<p>Lobo chamou aten\u00e7\u00e3o ainda para a alta em todas as atividades no fechamento do ano. \u201c\u00c9 a segunda vez na s\u00e9rie que todas as atividades crescem simultaneamente. Dos dez anos da s\u00e9rie, o setor fechou positivo em cinco (2012, 2013, 2014, 2019 e 2021), e, desses cinco, apenas em 2012 e 2021 houve crescimento em todas as atividades\u201d, disse.<\/p>\n<p>Os destaques para o resultado de 2021 foram transportes, servi\u00e7os auxiliares aos transportes e correio, com avan\u00e7o de 15,1%; e de informa\u00e7\u00e3o e comunica\u00e7\u00e3o, que cresceram 9,4%. As duas atividades superaram as quedas de 7,6% e 1,6%, respectivamente, em 2020.<\/p>\n<p>Tamb\u00e9m tiveram crescimento as atividades de servi\u00e7os profissionais, administrativos e complementares (7,3%); servi\u00e7os prestados \u00e0s fam\u00edlias (18,2%); e outros servi\u00e7os (5,0%). A pesquisa mostrou que em servi\u00e7os profissionais, administrativos e complementares e em servi\u00e7os prestados \u00e0s fam\u00edlias, as altas de 2021 n\u00e3o foram suficientes para compensar as quedas de 2020, respectivamente, de 11,4% e de 35,6%. Movimento diferente teve a atividade de outros servi\u00e7os, que avan\u00e7a desde 2018, tendo crescido 6,8% em 2020.<\/p>\n<h2>Recupera\u00e7\u00e3o<\/h2>\n<p>De acordo com Rodrigo Lobo, desde junho de 2020, quando come\u00e7ou a recupera\u00e7\u00e3o do setor, houve 15 taxas positivas e quatro negativas nos meses de dezembro de 2020, mar\u00e7o, setembro e outubro de 2021. \u201cIsso confirma um contexto de crescimento para o setor\u201d, disse.<\/p>\n<p>Em dezembro, quatro das cinco atividades investigadas cresceram e o maior impacto foi o setor de transportes, que subiu 1,8%. Esse \u00e9 o segundo resultado positivo consecutivo e com ganho acumulado de 4%. Embora esteja 9,8% acima do patamar pr\u00e9-pandemia, o setor ainda ficou 5,2% abaixo do seu ponto mais alto da s\u00e9rie, em fevereiro de 2014.<\/p>\n<p>Fonte: Ag\u00eancia Brasil<\/p>\n","protected":false},"excerpt":{"rendered":"<p>O setor de servi\u00e7os cresceu 10,9% em 2021, ap\u00f3s uma queda de 7,8% em 2020. De acordo com o Instituto Brasileiro de Geografia e Estat\u00edstica (IBGE), que divulgou hoje (10) os dados da Pesquisa Mensal de Servi\u00e7os (PMS), a taxa do ano passado foi a maior para um fechamento anual desde o in\u00edcio da s\u00e9rie [&hellip;]<\/p>\n","protected":false},"author":246,"featured_media":194847,"comment_status":"closed","ping_status":"closed","sticky":false,"template":"","format":"standard","meta":{"footnotes":""},"categories":[436,261,439],"tags":[],"class_list":["post-194846","post","type-post","status-publish","format-standard","has-post-thumbnail","hentry","category-destaque-da-semana","category-economia","category-ultima-hora"],"_links":{"self":[{"href":"https:\/\/diarioregionaldigital.com.br\/index.php?rest_route=\/wp\/v2\/posts\/194846","targetHints":{"allow":["GET"]}}],"collection":[{"href":"https:\/\/diarioregionaldigital.com.br\/index.php?rest_route=\/wp\/v2\/posts"}],"about":[{"href":"https:\/\/diarioregionaldigital.com.br\/index.php?rest_route=\/wp\/v2\/types\/post"}],"author":[{"embeddable":true,"href":"https:\/\/diarioregionaldigital.com.br\/index.php?rest_route=\/wp\/v2\/users\/246"}],"replies":[{"embeddable":true,"href":"https:\/\/diarioregionaldigital.com.br\/index.php?rest_route=%2Fwp%2Fv2%2Fcomments&post=194846"}],"version-history":[{"count":1,"href":"https:\/\/diarioregionaldigital.com.br\/index.php?rest_route=\/wp\/v2\/posts\/194846\/revisions"}],"predecessor-version":[{"id":194848,"href":"https:\/\/diarioregionaldigital.com.br\/index.php?rest_route=\/wp\/v2\/posts\/194846\/revisions\/194848"}],"wp:featuredmedia":[{"embeddable":true,"href":"https:\/\/diarioregionaldigital.com.br\/index.php?rest_route=\/wp\/v2\/media\/194847"}],"wp:attachment":[{"href":"https:\/\/diarioregionaldigital.com.br\/index.php?rest_route=%2Fwp%2Fv2%2Fmedia&parent=194846"}],"wp:term":[{"taxonomy":"category","embeddable":true,"href":"https:\/\/diarioregionaldigital.com.br\/index.php?rest_route=%2Fwp%2Fv2%2Fcategories&post=194846"},{"taxonomy":"post_tag","embeddable":true,"href":"https:\/\/diarioregionaldigital.com.br\/index.php?rest_route=%2Fwp%2Fv2%2Ftags&post=194846"}],"curies":[{"name":"wp","href":"https:\/\/api.w.org\/{rel}","templated":true}]}}