{"id":194843,"date":"2022-02-10T13:58:11","date_gmt":"2022-02-10T16:58:11","guid":{"rendered":"https:\/\/diarioregionaldigital.com.br\/?p=194843"},"modified":"2022-02-10T13:58:11","modified_gmt":"2022-02-10T16:58:11","slug":"ibge-preve-safra-de-2719-milhoes-de-toneladas-para-2022","status":"publish","type":"post","link":"https:\/\/diarioregionaldigital.com.br\/?p=194843","title":{"rendered":"IBGE prev\u00ea safra de 271,9 milh\u00f5es de toneladas para 2022"},"content":{"rendered":"<p>A produ\u00e7\u00e3o de\u00a0cereais, leguminosas e oleaginosas\u00a0estimada para 2022 deve totalizar o recorde de 271,9 milh\u00f5es de toneladas, 7,4% acima (18,7 milh\u00f5es de toneladas) da obtida em 2021 (253,2 milh\u00f5es de toneladas).<img decoding=\"async\" src=\"https:\/\/agenciabrasil.ebc.com.br\/ebc.png?id=1441468&amp;o=node\" \/><img decoding=\"async\" src=\"https:\/\/agenciabrasil.ebc.com.br\/ebc.gif?id=1441468&amp;o=node\" \/><\/p>\n<p>O Levantamento Sistem\u00e1tico da Produ\u00e7\u00e3o Agr\u00edcola divulgado hoje (10), no Rio de Janeiro, pelo Instituto Brasileiro de Geografia e Estat\u00edstica (IBGE) indica que a \u00e1rea a ser colhida \u00e9 de 71,2 milh\u00f5es de hectares, 3,8% (2,6 milh\u00f5es de hectares) maior que a de 2021 e 0,3% (217,2 mil hectares) maior do que o previsto em dezembro.<\/p>\n<p>O arroz, o milho e a soja, os tr\u00eas principais produtos deste grupo, somados, representam 93% da estimativa da produ\u00e7\u00e3o e respondem por 87,8% da \u00e1rea a ser colhida. Frente a 2021, houve acr\u00e9scimos de 5,8% na \u00e1rea do milho (6,9% na primeira safra e 5,4% na segunda), de 7,2% na do algod\u00e3o herb\u00e1ceo e de 3,6% na da soja. Houve decl\u00ednio de 0,9% na \u00e1rea do arroz e de 1,7% na do trigo.<\/p>\n<p>Espera-se que a produ\u00e7\u00e3o de soja totalize 131,8 milh\u00f5es de toneladas, com redu\u00e7\u00e3o de 4,7% em rela\u00e7\u00e3o ao terceiro progn\u00f3stico, divulgado em janeiro, e de 2,3% na compara\u00e7\u00e3o com a produ\u00e7\u00e3o do ano anterior.<\/p>\n<p>A produ\u00e7\u00e3o de milho foi estimada em 109,9 milh\u00f5es de toneladas, com crescimento de 0,9% frente ao m\u00eas anterior e 25,2% em rela\u00e7\u00e3o a 2021. J\u00e1 a estimativa de produ\u00e7\u00e3o do arroz foi de 11 milh\u00f5es de toneladas, queda de 4,9% frente ao produzido no ano passado.<\/p>\n<h2>Regi\u00f5es<\/h2>\n<p>A regi\u00e3o Nordeste foi a \u00fanica a ter aumento (1,1%) em sua estimativa frente a dezembro. Ela deve produzir 24,4 milh\u00f5es de toneladas (9% do total do pa\u00eds). O maior decl\u00ednio foi no Sul (-5,7%), que deve somar 80,2 milh\u00f5es de toneladas (29,5% do total). O Norte teve queda de 2,6% e deve chegar a 12 milh\u00f5es de toneladas (4,4% do total), enquanto o Centro-Oeste, com decl\u00ednio de 0,2%, deve produzir 128,4 milh\u00f5es de toneladas, ou 47,2% da produ\u00e7\u00e3o nacional. O Sudeste dever\u00e1 produzir 26,8 milh\u00f5es de toneladas (9,9% do total).<\/p>\n<p>Entre os estados, Mato Grosso lidera como o maior produtor nacional de gr\u00e3os, com participa\u00e7\u00e3o de 28,5%, seguido pelo Rio Grande do Sul (14,1%), Paran\u00e1 (13,1%), Goi\u00e1s (9,9%), Mato Grosso do Sul (8,5%) e Minas Gerais (6,2%), que, somados, representaram 80,3% do total nacional.<\/p>\n<p>As principais varia\u00e7\u00f5es positivas nas estimativas da produ\u00e7\u00e3o, em rela\u00e7\u00e3o a dezembro, ocorreram no Piau\u00ed (267,9 mil toneladas), no Par\u00e1 (179,5 mil toneladas), no Distrito Federal (35,3 mil toneladas), em Rond\u00f4nia (35 mil toneladas), no Maranh\u00e3o (5,4 mil toneladas) e no Rio de Janeiro (424 toneladas).<\/p>\n<p>As principais varia\u00e7\u00f5es negativas foram registradas no Paran\u00e1 (-4 milh\u00f5es de toneladas), em Santa Catarina (-860 mil toneladas), no Tocantins (-538,4 mil toneladas), em Mato Grosso (-336,3 mil toneladas) e no Cear\u00e1 (-9,9 mil toneladas).<\/p>\n<p>Fonte: Ag\u00eancia Brasil<\/p>\n","protected":false},"excerpt":{"rendered":"<p>A produ\u00e7\u00e3o de\u00a0cereais, leguminosas e oleaginosas\u00a0estimada para 2022 deve totalizar o recorde de 271,9 milh\u00f5es de toneladas, 7,4% acima (18,7 milh\u00f5es de toneladas) da obtida em 2021 (253,2 milh\u00f5es de toneladas). O Levantamento Sistem\u00e1tico da Produ\u00e7\u00e3o Agr\u00edcola divulgado hoje (10), no Rio de Janeiro, pelo Instituto Brasileiro de Geografia e Estat\u00edstica (IBGE) indica que a [&hellip;]<\/p>\n","protected":false},"author":246,"featured_media":194844,"comment_status":"closed","ping_status":"closed","sticky":false,"template":"","format":"standard","meta":{"footnotes":""},"categories":[436,440,261,439],"tags":[],"class_list":["post-194843","post","type-post","status-publish","format-standard","has-post-thumbnail","hentry","category-destaque-da-semana","category-destaques-do-dia","category-economia","category-ultima-hora"],"_links":{"self":[{"href":"https:\/\/diarioregionaldigital.com.br\/index.php?rest_route=\/wp\/v2\/posts\/194843","targetHints":{"allow":["GET"]}}],"collection":[{"href":"https:\/\/diarioregionaldigital.com.br\/index.php?rest_route=\/wp\/v2\/posts"}],"about":[{"href":"https:\/\/diarioregionaldigital.com.br\/index.php?rest_route=\/wp\/v2\/types\/post"}],"author":[{"embeddable":true,"href":"https:\/\/diarioregionaldigital.com.br\/index.php?rest_route=\/wp\/v2\/users\/246"}],"replies":[{"embeddable":true,"href":"https:\/\/diarioregionaldigital.com.br\/index.php?rest_route=%2Fwp%2Fv2%2Fcomments&post=194843"}],"version-history":[{"count":1,"href":"https:\/\/diarioregionaldigital.com.br\/index.php?rest_route=\/wp\/v2\/posts\/194843\/revisions"}],"predecessor-version":[{"id":194845,"href":"https:\/\/diarioregionaldigital.com.br\/index.php?rest_route=\/wp\/v2\/posts\/194843\/revisions\/194845"}],"wp:featuredmedia":[{"embeddable":true,"href":"https:\/\/diarioregionaldigital.com.br\/index.php?rest_route=\/wp\/v2\/media\/194844"}],"wp:attachment":[{"href":"https:\/\/diarioregionaldigital.com.br\/index.php?rest_route=%2Fwp%2Fv2%2Fmedia&parent=194843"}],"wp:term":[{"taxonomy":"category","embeddable":true,"href":"https:\/\/diarioregionaldigital.com.br\/index.php?rest_route=%2Fwp%2Fv2%2Fcategories&post=194843"},{"taxonomy":"post_tag","embeddable":true,"href":"https:\/\/diarioregionaldigital.com.br\/index.php?rest_route=%2Fwp%2Fv2%2Ftags&post=194843"}],"curies":[{"name":"wp","href":"https:\/\/api.w.org\/{rel}","templated":true}]}}