{"id":194840,"date":"2022-02-10T10:50:35","date_gmt":"2022-02-10T13:50:35","guid":{"rendered":"https:\/\/diarioregionaldigital.com.br\/?p=194840"},"modified":"2022-02-10T10:50:35","modified_gmt":"2022-02-10T13:50:35","slug":"policia-militar-prende-apreende-envolvidos-em-homicidio-tentado-acontecido-no-bairro-santo-antonio","status":"publish","type":"post","link":"https:\/\/diarioregionaldigital.com.br\/?p=194840","title":{"rendered":"Pol\u00edcia Militar prende\/apreende envolvidos em homic\u00eddio tentado acontecido no bairro Santo Ant\u00f4nio"},"content":{"rendered":"<p>Na noite do dia 09fev22, por volta das 20h59min, a Pol\u00edcia Militar compareceu na Rua Francisco Fontainha no bairro Santo Ant\u00f4nio para verifica\u00e7\u00e3o de autores armados que teriam entrado numa resid\u00eancia, agredido moradores e haviam tentado efetuar um disparo de arma de fogo contra o morador, tendo falhado. No local o fato foi confirmado, uma das v\u00edtimas (um homem de 31 anos) relatou que estava em casa com as demais (mulher &#8211; 26 anos e duas meninas &#8211; 05 e 08 anos) quando o fato ocorreu, tendo aindo os autores tentado o colocar no interior do ve\u00edculo que estavam, por\u00e9m conseguiu fugir e os autores evadiram, uma vez que populares perceberam a estranha movimenta\u00e7\u00e3o. De posse das caracter\u00edsticas foi realizado intenso rastreamento e o autom\u00f3vel VW Gol Cinza usado na a\u00e7\u00e3o criminosa foi localizado na Rua Agostinho Pereira de Castro no bairro Terras Altas estacionado numa garagem sem port\u00e3o, tendo sido ainda os tr\u00eas autores (18, 20 e 21 anos), um menor infrator (17 anos) e uma menor infratora (15 anos) localizados e presos \/ apreendidos. Durante a a\u00e7\u00e3o policial 05 aparelhos celulares, 02 fac\u00f5es, 01 machadinha, 01 carregador, 01 cartucho cal 9mm e 01 pistola cal 9mm com numera\u00e7\u00e3o raspada foram apreendidos. Segundo o homem e a esposa, a motiva\u00e7\u00e3o dos fatos seriam den\u00fancias inver\u00eddicas da ex companheira referente a abuso sexual. Materiais e envolvidos encaminhados \u00e0 Delegacia.<\/p>\n","protected":false},"excerpt":{"rendered":"<p>Na noite do dia 09fev22, por volta das 20h59min, a Pol\u00edcia Militar compareceu na Rua Francisco Fontainha no bairro Santo Ant\u00f4nio para verifica\u00e7\u00e3o de autores armados que teriam entrado numa resid\u00eancia, agredido moradores e haviam tentado efetuar um disparo de arma de fogo contra o morador, tendo falhado. No local o fato foi confirmado, uma [&hellip;]<\/p>\n","protected":false},"author":246,"featured_media":194841,"comment_status":"closed","ping_status":"closed","sticky":false,"template":"","format":"standard","meta":{"footnotes":""},"categories":[301,439],"tags":[],"class_list":["post-194840","post","type-post","status-publish","format-standard","has-post-thumbnail","hentry","category-artigos-policiais","category-ultima-hora"],"_links":{"self":[{"href":"https:\/\/diarioregionaldigital.com.br\/index.php?rest_route=\/wp\/v2\/posts\/194840","targetHints":{"allow":["GET"]}}],"collection":[{"href":"https:\/\/diarioregionaldigital.com.br\/index.php?rest_route=\/wp\/v2\/posts"}],"about":[{"href":"https:\/\/diarioregionaldigital.com.br\/index.php?rest_route=\/wp\/v2\/types\/post"}],"author":[{"embeddable":true,"href":"https:\/\/diarioregionaldigital.com.br\/index.php?rest_route=\/wp\/v2\/users\/246"}],"replies":[{"embeddable":true,"href":"https:\/\/diarioregionaldigital.com.br\/index.php?rest_route=%2Fwp%2Fv2%2Fcomments&post=194840"}],"version-history":[{"count":1,"href":"https:\/\/diarioregionaldigital.com.br\/index.php?rest_route=\/wp\/v2\/posts\/194840\/revisions"}],"predecessor-version":[{"id":194842,"href":"https:\/\/diarioregionaldigital.com.br\/index.php?rest_route=\/wp\/v2\/posts\/194840\/revisions\/194842"}],"wp:featuredmedia":[{"embeddable":true,"href":"https:\/\/diarioregionaldigital.com.br\/index.php?rest_route=\/wp\/v2\/media\/194841"}],"wp:attachment":[{"href":"https:\/\/diarioregionaldigital.com.br\/index.php?rest_route=%2Fwp%2Fv2%2Fmedia&parent=194840"}],"wp:term":[{"taxonomy":"category","embeddable":true,"href":"https:\/\/diarioregionaldigital.com.br\/index.php?rest_route=%2Fwp%2Fv2%2Fcategories&post=194840"},{"taxonomy":"post_tag","embeddable":true,"href":"https:\/\/diarioregionaldigital.com.br\/index.php?rest_route=%2Fwp%2Fv2%2Ftags&post=194840"}],"curies":[{"name":"wp","href":"https:\/\/api.w.org\/{rel}","templated":true}]}}