{"id":194827,"date":"2022-02-09T16:03:08","date_gmt":"2022-02-09T19:03:08","guid":{"rendered":"https:\/\/diarioregionaldigital.com.br\/?p=194827"},"modified":"2022-02-09T16:03:08","modified_gmt":"2022-02-09T19:03:08","slug":"projeto-leva-universo-do-circo-as-pracas-de-jf-com-interprete-de-libras","status":"publish","type":"post","link":"https:\/\/diarioregionaldigital.com.br\/?p=194827","title":{"rendered":"Projeto leva universo do circo \u00e0s pra\u00e7as de JF com int\u00e9rprete de libras"},"content":{"rendered":"<p>Segundo informa\u00e7\u00f5es do site da Prefeitura de Juiz de Fora, palha\u00e7aria, malabarismo, equilibrismo e m\u00fasica de sanfona v\u00e3o animar os pr\u00f3ximos finais de semana em Juiz de Fora, com o projeto \u201cO Circo do Hoje na Pra\u00e7a\u201d. Protagonizado pela dupla de palha\u00e7os Taianie e Z\u00e9 do Retalho, o espet\u00e1culo estreia no pr\u00f3ximo s\u00e1bado, 12, \u00e0s 15h, no Parque da Lajinha, Bairro Teixeiras, abrindo um ciclo de quatro apresenta\u00e7\u00f5es em espa\u00e7os p\u00fablicos ao ar livre. O objetivo \u00e9 democratizar o acesso \u00e0 arte circense e promover o fortalecimento desse segmento cultural.<\/p>\n<p>Pensado para a fam\u00edlia, o espet\u00e1culo \u00e9 livre para todos os p\u00fablicos e ter\u00e1 dura\u00e7\u00e3o m\u00e9dia de 30 minutos. Durante toda a apresenta\u00e7\u00e3o, ser\u00e3o mantidas as normas sanit\u00e1rias para barrar a transmiss\u00e3o da Covid-19, como uso de m\u00e1scara e distanciamento entre os espectadores. Em cada uma das quatro sess\u00f5es ser\u00e3o distribu\u00eddas 50 m\u00e1scaras cir\u00fargicas, e os artistas v\u00e3o incentivar o uso do \u00e1lcool em gel para higieniza\u00e7\u00e3o. Buscando maior acessibilidade, as apresenta\u00e7\u00f5es contar\u00e3o ainda com o apoio de um int\u00e9rprete de libras.<\/p>\n<p>Taianie Olevate, que divide a cena com Luiz Bonsaver, conta que eles s\u00e3o amigos h\u00e1 algum tempo e sempre trabalharam com arte circense nas ruas. \u201cCada um teve sua trajet\u00f3ria separada, sempre buscando aperfei\u00e7oamento no malabarismo e na palha\u00e7aria em conven\u00e7\u00f5es de circo ou na troca de experi\u00eancia com outros artistas. Agora nos juntamos no intuito de estabelecer um circuito de atividades circenses em Juiz de Fora.\u201d<\/p>\n<p><strong>Confira a agenda completa*:<\/strong><\/p>\n<p>Dia 12 | S\u00e1bado \u2013 Parque da Lajinha, \u00e0s 15h<\/p>\n<p>Dia 13 | Domingo &#8211; Pra\u00e7a do Bairro Ipiranga, \u00e0s 16h<\/p>\n<p>Dia 19 | S\u00e1bado &#8211; Pra\u00e7a do Bairro Vale Verde, \u00e0s 16h<\/p>\n<p>Dia 20 | Domingo &#8211; Pra\u00e7a do Bairro Santa Luzia, \u00e0s 16h<\/p>\n<p>* No caso de chuva em qualquer uma das apresenta\u00e7\u00f5es, o espet\u00e1culo ser\u00e1 remarcado.<br \/>\nO projeto \u201cO Circo do Hoje na Pra\u00e7a\u201d \u00e9 financiado pelo Programa Cultural Murilo Mendes, mantido pela Prefeitura de Juiz de Fora (PJF) e gerido pela Funalfa, sendo uma dos 20 aprovados no Edital Cultura da\/na Quebrada.<\/p>\n","protected":false},"excerpt":{"rendered":"<p>Segundo informa\u00e7\u00f5es do site da Prefeitura de Juiz de Fora, palha\u00e7aria, malabarismo, equilibrismo e m\u00fasica de sanfona v\u00e3o animar os pr\u00f3ximos finais de semana em Juiz de Fora, com o projeto \u201cO Circo do Hoje na Pra\u00e7a\u201d. Protagonizado pela dupla de palha\u00e7os Taianie e Z\u00e9 do Retalho, o espet\u00e1culo estreia no pr\u00f3ximo s\u00e1bado, 12, \u00e0s [&hellip;]<\/p>\n","protected":false},"author":246,"featured_media":194828,"comment_status":"closed","ping_status":"closed","sticky":false,"template":"","format":"standard","meta":{"footnotes":""},"categories":[253,436,439],"tags":[],"class_list":["post-194827","post","type-post","status-publish","format-standard","has-post-thumbnail","hentry","category-cidade","category-destaque-da-semana","category-ultima-hora"],"_links":{"self":[{"href":"https:\/\/diarioregionaldigital.com.br\/index.php?rest_route=\/wp\/v2\/posts\/194827","targetHints":{"allow":["GET"]}}],"collection":[{"href":"https:\/\/diarioregionaldigital.com.br\/index.php?rest_route=\/wp\/v2\/posts"}],"about":[{"href":"https:\/\/diarioregionaldigital.com.br\/index.php?rest_route=\/wp\/v2\/types\/post"}],"author":[{"embeddable":true,"href":"https:\/\/diarioregionaldigital.com.br\/index.php?rest_route=\/wp\/v2\/users\/246"}],"replies":[{"embeddable":true,"href":"https:\/\/diarioregionaldigital.com.br\/index.php?rest_route=%2Fwp%2Fv2%2Fcomments&post=194827"}],"version-history":[{"count":1,"href":"https:\/\/diarioregionaldigital.com.br\/index.php?rest_route=\/wp\/v2\/posts\/194827\/revisions"}],"predecessor-version":[{"id":194829,"href":"https:\/\/diarioregionaldigital.com.br\/index.php?rest_route=\/wp\/v2\/posts\/194827\/revisions\/194829"}],"wp:featuredmedia":[{"embeddable":true,"href":"https:\/\/diarioregionaldigital.com.br\/index.php?rest_route=\/wp\/v2\/media\/194828"}],"wp:attachment":[{"href":"https:\/\/diarioregionaldigital.com.br\/index.php?rest_route=%2Fwp%2Fv2%2Fmedia&parent=194827"}],"wp:term":[{"taxonomy":"category","embeddable":true,"href":"https:\/\/diarioregionaldigital.com.br\/index.php?rest_route=%2Fwp%2Fv2%2Fcategories&post=194827"},{"taxonomy":"post_tag","embeddable":true,"href":"https:\/\/diarioregionaldigital.com.br\/index.php?rest_route=%2Fwp%2Fv2%2Ftags&post=194827"}],"curies":[{"name":"wp","href":"https:\/\/api.w.org\/{rel}","templated":true}]}}