{"id":194824,"date":"2022-02-09T16:01:15","date_gmt":"2022-02-09T19:01:15","guid":{"rendered":"https:\/\/diarioregionaldigital.com.br\/?p=194824"},"modified":"2022-02-09T16:01:15","modified_gmt":"2022-02-09T19:01:15","slug":"programa-boniteza-realiza-acoes-de-zeladoria-em-mais-de-40-localidades","status":"publish","type":"post","link":"https:\/\/diarioregionaldigital.com.br\/?p=194824","title":{"rendered":"Programa Boniteza realiza a\u00e7\u00f5es de zeladoria em mais de 40 localidades"},"content":{"rendered":"<p>Segundo informa\u00e7\u00f5es do site da Prefeitura de Juiz de Fora, o Programa Boniteza promove 114 interven\u00e7\u00f5es de melhorias urbanas nesta quarta-feira, 9, por meio da Secretaria de Obras (SO) e do Gabinete de A\u00e7\u00e3o e Di\u00e1logo Comunit\u00e1rio (GADC) da Prefeitura de Juiz de Fora (PJF).<\/p>\n<p><strong>Obras<\/strong><\/p>\n<p>Os Departamentos de Opera\u00e7\u00e3o e Manuten\u00e7\u00e3o em Obras (Domo) e de Estradas Vicinais da Secretaria de Obras t\u00eam previstas 17 a\u00e7\u00f5es.<\/p>\n<p>Interven\u00e7\u00f5es em continuidade:<\/p>\n<p>-Corre\u00e7\u00e3o de eros\u00e3o pluvial &#8211; Rua Augusto Stoppa &#8211; Progresso<\/p>\n<p>-Enrocamento no c\u00f3rrego Carlos Chagas &#8211; Rua Eunice Weaver &#8211; Carlos Chagas<\/p>\n<p>-Lan\u00e7amento de material nas ruas do bairro &#8211; Ruas do Bairro Granjas Triunfo &#8211; Granjas Triunfo<\/p>\n<p>-Encabe\u00e7amento de bueiro &#8211; Estrada da Varginha &#8211; Varginha<\/p>\n<p>-Ro\u00e7ada na estrada principal &#8211; Estrada do N\u00e1utico &#8211; N\u00e1utico<\/p>\n<p>-Lan\u00e7amento de material em pontos cr\u00edticos &#8211; Estrada Principal de Pirapetinga\u00a0\u00a0 \u00a0\u00a0&#8211; Pirapetinga<\/p>\n<p>-Lan\u00e7amento de material em pontos cr\u00edticos &#8211; Estrada Principal de Pires &#8211; Pires<\/p>\n<p>-Limpeza de sa\u00eddas de \u00e1guas na estrada &#8211; Estrada do Cristal \u2013 Sarandira &#8211; Sarandira<\/p>\n<p>-Lan\u00e7amento de material em pontos cr\u00edticos &#8211; Estrada de Penido \u00e0 Ros\u00e1rio &#8211; Ros\u00e1rio de Minas<\/p>\n<p>Novas interven\u00e7\u00f5es:<\/p>\n<p>-Limpeza de boca de lobo &#8211; Rua Thereza Nogueira dos Santos &#8211; Ipiranga<\/p>\n<p>-Limpeza de boca de lobo &#8211; Rua K\u00e1tia Falconi &#8211; Dom Bosco<\/p>\n<p>-Limpeza de boca de lobo &#8211; Rua Jos\u00e9 Claro Dias &#8211; Dom Bosco<\/p>\n<p>-Corre\u00e7\u00e3o de eros\u00e3o pluvial &#8211; Rua Agilberto Costa &#8211; S\u00e3o Benedito<\/p>\n<p>-Limpeza de boca de lobo &#8211; Rua Orvile Derby Dutra &#8211; Santa Rita de C\u00e1ssia<\/p>\n<p>-Limpeza de boca de lobo &#8211; Rua Augusto Stoppa &#8211; Progresso<\/p>\n<p>-Corre\u00e7\u00e3o de eros\u00e3o pluvial &#8211; Rua Capit\u00e3o Bicalho &#8211; Vitorino Braga<\/p>\n<p>-Retirada de borrachudos &#8211; Estrada Vale dos Pe\u00f5es &#8211; Linhares<\/p>\n<p><strong>Ilumina\u00e7\u00e3o P\u00fablica<\/strong><\/p>\n<p>O departamento de Ilumina\u00e7\u00e3o P\u00fablica da PJF d\u00e1 continuidade \u00e0s a\u00e7\u00f5es com a previs\u00e3o de trocas de 97 l\u00e2mpadas em todas as regi\u00f5es.<\/p>\n<p>&nbsp;<\/p>\n<p><strong>-Paineiras<\/strong><\/p>\n<p>Rua Monsenhor Nogueira<\/p>\n<p>Rua C\u00e2ndido Tostes<\/p>\n<p>Rua Renato Cruz Frederico<\/p>\n<p>&nbsp;<\/p>\n<p><strong>-Alto dos Passos<\/strong><\/p>\n<p>Rua Moraes e Castro<\/p>\n<p>Rua Tavares Bastos<\/p>\n<p>Rua Belmiro Braga<\/p>\n<p>&nbsp;<\/p>\n<p><strong>-Santa Helena<\/strong><\/p>\n<p>Rua Doutor Constantino Paleta<\/p>\n<p>&nbsp;<\/p>\n<p><strong>-Granbery<\/strong><\/p>\n<p>Rua Batista de Oliveira<\/p>\n<p>Rua Bar\u00e3o de Santa Helena<\/p>\n<p>&nbsp;<\/p>\n<p><strong>-F\u00e1brica<\/strong><\/p>\n<p>Bernardo Mascarenhas<\/p>\n<p>&nbsp;<\/p>\n<p><strong>-S\u00e3o Mateus<\/strong><\/p>\n<p>Rua Tavares Bastos<\/p>\n<p>&nbsp;<\/p>\n<p><strong>-Centro<\/strong><\/p>\n<p>Rua Bar\u00e3o de Cataguases<\/p>\n<p>&nbsp;<\/p>\n<p><strong>-Bom Pastor<\/strong><\/p>\n<p>Rua Doutor Delorme de Carvalho<\/p>\n<p>&nbsp;<\/p>\n<p><strong>-Progresso<\/strong><\/p>\n<p>Rua Jos\u00e9 Ant\u00f4nio Benhame<\/p>\n<p>Rua Augusto Stoppa<\/p>\n<p>&nbsp;<\/p>\n<p><strong>-Filgueiras<\/strong><\/p>\n<p>Rua Ven\u00e2ncio Bessa Leite<\/p>\n<p>Rua Jo\u00e3o Pedro Pizelli &#8211; Vale dos Pe\u00f5es<\/p>\n<p>Rua Manoel Teixeira Salgado<\/p>\n<p>Rua Jos\u00e9 Alberto Castilho<\/p>\n<p>Rua Diretora Josefina Mendes Sasso<\/p>\n<p>Rua Ver\u00f4nica Freguglia<\/p>\n<p>&nbsp;<\/p>\n<p><strong>-Grama<\/strong><\/p>\n<p>Rua Irm\u00e3 Maria Jos\u00e9<\/p>\n<p>Rua Maria de Lourdes<\/p>\n<p>Avenida Orlando Riani<\/p>\n<p>Rua Pedro Agostinho<\/p>\n<p>Rua Farmac\u00eautico Jos\u00e9 Rodrigues<\/p>\n<p>Rua Carlos Horacio Pradez<\/p>\n<p>Rua Doutor Jo\u00e3o Luiz Alves Vallad\u00e3o<\/p>\n<p>Rua Vereador Elp\u00eddio Farias<\/p>\n<p>Rua S\u00e3o Paulo<\/p>\n<p>&nbsp;<\/p>\n<p><strong>-Granjas Beth\u00e2nia<\/strong><\/p>\n<p>Avenida Juiz de Fora<\/p>\n<p>&nbsp;<\/p>\n<p><strong>-Nova Gramado<\/strong><\/p>\n<p>Rua Joaquim Hon\u00f3rio Loures<\/p>\n<p>Mario Paulo Tasca<\/p>\n<p>Rua Jo\u00e3o Surerus<\/p>\n<p>&nbsp;<\/p>\n<p><strong>-Recanto dos Lagos<\/strong><\/p>\n<p>Rua Oliv\u00e9rio Pires de Carvalho<\/p>\n<p>&nbsp;<\/p>\n<p><strong>-Quintas das Avenidas<\/strong><\/p>\n<p>Rua Francisco Del Duca<\/p>\n<p>&nbsp;<\/p>\n<p><strong>-Araujo<\/strong><\/p>\n<p>Avenida Garcia Rodrigues Paes<\/p>\n<p>&nbsp;<\/p>\n<p><strong>-Santa Cruz<\/strong><\/p>\n<p>Rua Justino Gomes Monteiro<\/p>\n<p>Rua J\u00falia Dias da Silva<\/p>\n<p>Rua Maria Lanziotti Barra<\/p>\n<p>Rua Maria Joaquina da Motta<\/p>\n<p>Avenida Doutor Sime\u00e3o de Faria<\/p>\n<p>Rua Cl\u00e9a Gervason Halfeld<\/p>\n<p>&nbsp;<\/p>\n<p><strong>-Fontesville\u00a0<\/strong><\/p>\n<p>Rua Coronel Alfredo Villa\u00e7a<\/p>\n<p>Avenida Vereador Raymundo Hargreaves<\/p>\n<p>&nbsp;<\/p>\n<p><strong>-Fontesville II<\/strong><\/p>\n<p>Avenida Vereador Raymundo Hargreaves<\/p>\n<p>&nbsp;<\/p>\n<p><strong>-Benfica<\/strong><\/p>\n<p>Avenida Garcia Rodrigues Paes (Acesso Norte)<\/p>\n<p>Rua Vereador Ign\u00e1cio Halfeld<\/p>\n<p>Rua Fel\u00edcio Lima<\/p>\n<p>&nbsp;<\/p>\n<p><strong>-Nova Benfica<\/strong><\/p>\n<p>Rua Vereador Francisco Pinheiro<\/p>\n<p>Rua Assuene Ant\u00f4nio Ribeiro<\/p>\n<p>&nbsp;<\/p>\n<p><strong>-Nova Era<\/strong><\/p>\n<p>Avenida Doutor Bezerra de Menezes<\/p>\n<p>&nbsp;<\/p>\n<p><strong>-Nova Era II<\/strong><\/p>\n<p>Rua Salvador Del Duca<\/p>\n<p>&nbsp;<\/p>\n<p><strong>-Monte Castelo<\/strong><\/p>\n<p>Rua Nazira Mattar de Freitas<\/p>\n<p>Rua Pedro Ronzani<\/p>\n<p>Rua Iguassu<\/p>\n<p>&nbsp;<\/p>\n<p><strong>-Industrial<\/strong><\/p>\n<p>Avenida Garcia Rodrigues Paes (Acesso Norte)<\/p>\n<p>&nbsp;<\/p>\n<p><strong>-Carlos Chagas<\/strong><\/p>\n<p>Rua Helena Bittencourt<\/p>\n<p>Rua Doutor Alvino de Paula<\/p>\n<p>&nbsp;<\/p>\n<p><strong>-Cer\u00e2mica<\/strong><\/p>\n<p>Rua Coronel Vidal<\/p>\n<p>Rua Eunice Weaver<\/p>\n<p>Rua Francisco de Almeida<\/p>\n<p>&nbsp;<\/p>\n<p><strong>-Milho Branco<\/strong><\/p>\n<p>Rua Jos\u00e9 Raimundo de Freitas<\/p>\n<p>Rua F<\/p>\n<p>Rua Ivan Baptista de Oliveira<\/p>\n<p>Rua Ipanema<\/p>\n<p>Rua Engenheiro Marcus Alves<\/p>\n<p>&nbsp;<\/p>\n<p><strong>-Realeza<\/strong><\/p>\n<p>Rua Ivan Baptista de Oliveira<\/p>\n<p>&nbsp;<\/p>\n<p><strong>-Esplanada<\/strong><\/p>\n<p>Rua Professor Walqu\u00edrio Seixas de Faria<\/p>\n<p>&nbsp;<\/p>\n<p><strong>-Jardim Natal<\/strong><\/p>\n<p>Rua Wenceslau Braz<\/p>\n<p>Rua Tenente Lucas Drumond<\/p>\n<p>&nbsp;<\/p>\n<p>&#8211;<strong>Jardim Umuarama<\/strong><\/p>\n<p>Rua Maria Aparecida Martins<\/p>\n<p>&nbsp;<\/p>\n<p><strong>-Bela Aurora<\/strong><\/p>\n<p>Rua Francisco Gon\u00e7alves Mariano<\/p>\n<p>&nbsp;<\/p>\n<p><strong>-Previdenci\u00e1rios<\/strong><\/p>\n<p>Estrada Ant\u00f4nio Bento de Vasconcelos<\/p>\n<p>&nbsp;<\/p>\n<p><strong>-Alta Vista<\/strong><\/p>\n<p>Rua Uacaripreto<\/p>\n<p>&nbsp;<\/p>\n<p><strong>-Parque das Samambaias<\/strong><\/p>\n<p>Rua Cec\u00edlia dos Santos<\/p>\n<p>&nbsp;<\/p>\n<p><strong>Gabinete de A\u00e7\u00e3o e Di\u00e1logo Comunit\u00e1rio<\/strong><\/p>\n<p>&nbsp;<\/p>\n<p>As a\u00e7\u00f5es da Secretaria de Obras s\u00e3o realizadas atrav\u00e9s do Gabinete de A\u00e7\u00e3o e Di\u00e1logo Comunit\u00e1rio, que recebe demandas de melhorias urbanas pelo n\u00famero (32) 3690-7241, por liga\u00e7\u00e3o ou WhatsApp.<\/p>\n<p>&nbsp;<\/p>\n<p>No\u00a0<a href=\"https:\/\/www.pjf.mg.gov.br\/gabinetecomunitario\/\"><strong>site do gabinete<\/strong><\/a>, est\u00e3o dispon\u00edveis informa\u00e7\u00f5es atualizadas\u00a0 diariamente sobre os servi\u00e7os realizados pelas secretarias de Obras (SO); de Sustentabilidade em Meio Ambiente e Atividades Urbanas (Sesmaur); de Mobilidade Urbana (SMU); e pela\u00a0 Empresa Municipal de Pavimenta\u00e7\u00e3o e Urbaniza\u00e7\u00e3o (Empav); Departamento Municipal de Limpeza Urbana (Demlurb); e Companhia de Saneamento Municipal (Cesama).<\/p>\n","protected":false},"excerpt":{"rendered":"<p>Segundo informa\u00e7\u00f5es do site da Prefeitura de Juiz de Fora, o Programa Boniteza promove 114 interven\u00e7\u00f5es de melhorias urbanas nesta quarta-feira, 9, por meio da Secretaria de Obras (SO) e do Gabinete de A\u00e7\u00e3o e Di\u00e1logo Comunit\u00e1rio (GADC) da Prefeitura de Juiz de Fora (PJF). Obras Os Departamentos de Opera\u00e7\u00e3o e Manuten\u00e7\u00e3o em Obras (Domo) [&hellip;]<\/p>\n","protected":false},"author":246,"featured_media":194825,"comment_status":"closed","ping_status":"closed","sticky":false,"template":"","format":"standard","meta":{"footnotes":""},"categories":[253,436,439],"tags":[],"class_list":["post-194824","post","type-post","status-publish","format-standard","has-post-thumbnail","hentry","category-cidade","category-destaque-da-semana","category-ultima-hora"],"_links":{"self":[{"href":"https:\/\/diarioregionaldigital.com.br\/index.php?rest_route=\/wp\/v2\/posts\/194824","targetHints":{"allow":["GET"]}}],"collection":[{"href":"https:\/\/diarioregionaldigital.com.br\/index.php?rest_route=\/wp\/v2\/posts"}],"about":[{"href":"https:\/\/diarioregionaldigital.com.br\/index.php?rest_route=\/wp\/v2\/types\/post"}],"author":[{"embeddable":true,"href":"https:\/\/diarioregionaldigital.com.br\/index.php?rest_route=\/wp\/v2\/users\/246"}],"replies":[{"embeddable":true,"href":"https:\/\/diarioregionaldigital.com.br\/index.php?rest_route=%2Fwp%2Fv2%2Fcomments&post=194824"}],"version-history":[{"count":1,"href":"https:\/\/diarioregionaldigital.com.br\/index.php?rest_route=\/wp\/v2\/posts\/194824\/revisions"}],"predecessor-version":[{"id":194826,"href":"https:\/\/diarioregionaldigital.com.br\/index.php?rest_route=\/wp\/v2\/posts\/194824\/revisions\/194826"}],"wp:featuredmedia":[{"embeddable":true,"href":"https:\/\/diarioregionaldigital.com.br\/index.php?rest_route=\/wp\/v2\/media\/194825"}],"wp:attachment":[{"href":"https:\/\/diarioregionaldigital.com.br\/index.php?rest_route=%2Fwp%2Fv2%2Fmedia&parent=194824"}],"wp:term":[{"taxonomy":"category","embeddable":true,"href":"https:\/\/diarioregionaldigital.com.br\/index.php?rest_route=%2Fwp%2Fv2%2Fcategories&post=194824"},{"taxonomy":"post_tag","embeddable":true,"href":"https:\/\/diarioregionaldigital.com.br\/index.php?rest_route=%2Fwp%2Fv2%2Ftags&post=194824"}],"curies":[{"name":"wp","href":"https:\/\/api.w.org\/{rel}","templated":true}]}}