{"id":194820,"date":"2022-02-09T15:59:10","date_gmt":"2022-02-09T18:59:10","guid":{"rendered":"https:\/\/diarioregionaldigital.com.br\/?p=194820"},"modified":"2022-02-09T15:59:10","modified_gmt":"2022-02-09T18:59:10","slug":"fiscalizacao-desmonta-esquema-que-explorava-trabalho-precarizado-em-deposito-clandestino","status":"publish","type":"post","link":"https:\/\/diarioregionaldigital.com.br\/?p=194820","title":{"rendered":"Fiscaliza\u00e7\u00e3o desmonta esquema que explorava trabalho precarizado em dep\u00f3sito clandestino"},"content":{"rendered":"<p>Segundo informa\u00e7\u00f5es do site da Prefeitura de Juiz de Fora, uma opera\u00e7\u00e3o realizada pelos fiscais de posturas da Secretaria de Sustentabilidade em Meio Ambiente e Atividades Urbanas (Sesmaur) resultou em nova interdi\u00e7\u00e3o de um dep\u00f3sito clandestino de frutas, localizado na zona leste de Juiz de Fora. Durante a a\u00e7\u00e3o, que aconteceu na manh\u00e3 desta quarta-feira, 9, foram apreendidas 800 goiabas e sete carrinhos de m\u00e3o.<\/p>\n<p>O local j\u00e1 cumpria interdi\u00e7\u00e3o por n\u00e3o seguir as normas sanit\u00e1rias e abastecer o com\u00e9rcio ambulante irregular, fornecendo mercadorias perec\u00edveis a trabalhadores em condi\u00e7\u00f5es prec\u00e1rias. No esquema de distribui\u00e7\u00e3o pelo centro da cidade, o propriet\u00e1rio aproveitava de pessoas em vulnerabilidade, incluindo menores de idade.<\/p>\n<p>Ele foi preso por crime de desobedi\u00eancia e autuado por descumprimento de interdi\u00e7\u00e3o (multa de R$ 56.014,10). Tamb\u00e9m foi lavrado auto de infra\u00e7\u00e3o por colabora\u00e7\u00e3o ao com\u00e9rcio ilegal, sendo o valor da multa de R$ 933,72.<\/p>\n<p>&nbsp;<\/p>\n<p><strong>Frutas apreendidas foram doadas para institui\u00e7\u00f5es de caridade<\/strong><\/p>\n<p>As frutas apreendidas foram doadas para institui\u00e7\u00f5es de caridade. Os carrinhos de m\u00e3o permanecem em dep\u00f3sito e podem ser retirados mediante pagamento de multa e taxa de apreens\u00e3o, no prazo de 15 dias.<\/p>\n<p>A opera\u00e7\u00e3o contou com a intelig\u00eancia conjunta da Fiscaliza\u00e7\u00e3o, incluindo a guarda municipal e dos agentes de tr\u00e2nsito.<\/p>\n","protected":false},"excerpt":{"rendered":"<p>Segundo informa\u00e7\u00f5es do site da Prefeitura de Juiz de Fora, uma opera\u00e7\u00e3o realizada pelos fiscais de posturas da Secretaria de Sustentabilidade em Meio Ambiente e Atividades Urbanas (Sesmaur) resultou em nova interdi\u00e7\u00e3o de um dep\u00f3sito clandestino de frutas, localizado na zona leste de Juiz de Fora. Durante a a\u00e7\u00e3o, que aconteceu na manh\u00e3 desta quarta-feira, [&hellip;]<\/p>\n","protected":false},"author":246,"featured_media":194821,"comment_status":"closed","ping_status":"closed","sticky":false,"template":"","format":"standard","meta":{"footnotes":""},"categories":[253,436,439],"tags":[],"class_list":["post-194820","post","type-post","status-publish","format-standard","has-post-thumbnail","hentry","category-cidade","category-destaque-da-semana","category-ultima-hora"],"_links":{"self":[{"href":"https:\/\/diarioregionaldigital.com.br\/index.php?rest_route=\/wp\/v2\/posts\/194820","targetHints":{"allow":["GET"]}}],"collection":[{"href":"https:\/\/diarioregionaldigital.com.br\/index.php?rest_route=\/wp\/v2\/posts"}],"about":[{"href":"https:\/\/diarioregionaldigital.com.br\/index.php?rest_route=\/wp\/v2\/types\/post"}],"author":[{"embeddable":true,"href":"https:\/\/diarioregionaldigital.com.br\/index.php?rest_route=\/wp\/v2\/users\/246"}],"replies":[{"embeddable":true,"href":"https:\/\/diarioregionaldigital.com.br\/index.php?rest_route=%2Fwp%2Fv2%2Fcomments&post=194820"}],"version-history":[{"count":2,"href":"https:\/\/diarioregionaldigital.com.br\/index.php?rest_route=\/wp\/v2\/posts\/194820\/revisions"}],"predecessor-version":[{"id":194823,"href":"https:\/\/diarioregionaldigital.com.br\/index.php?rest_route=\/wp\/v2\/posts\/194820\/revisions\/194823"}],"wp:featuredmedia":[{"embeddable":true,"href":"https:\/\/diarioregionaldigital.com.br\/index.php?rest_route=\/wp\/v2\/media\/194821"}],"wp:attachment":[{"href":"https:\/\/diarioregionaldigital.com.br\/index.php?rest_route=%2Fwp%2Fv2%2Fmedia&parent=194820"}],"wp:term":[{"taxonomy":"category","embeddable":true,"href":"https:\/\/diarioregionaldigital.com.br\/index.php?rest_route=%2Fwp%2Fv2%2Fcategories&post=194820"},{"taxonomy":"post_tag","embeddable":true,"href":"https:\/\/diarioregionaldigital.com.br\/index.php?rest_route=%2Fwp%2Fv2%2Ftags&post=194820"}],"curies":[{"name":"wp","href":"https:\/\/api.w.org\/{rel}","templated":true}]}}