{"id":194814,"date":"2022-02-09T15:50:18","date_gmt":"2022-02-09T18:50:18","guid":{"rendered":"https:\/\/diarioregionaldigital.com.br\/?p=194814"},"modified":"2022-02-09T15:50:18","modified_gmt":"2022-02-09T18:50:18","slug":"fortaleza-anuncia-contratacao-de-renato-kayzer","status":"publish","type":"post","link":"https:\/\/diarioregionaldigital.com.br\/?p=194814","title":{"rendered":"Fortaleza anuncia contrata\u00e7\u00e3o de Renato Kayzer"},"content":{"rendered":"<p>O Fortaleza anunciou nesta ter\u00e7a-feira (8) o seu oitavo refor\u00e7o para a temporada, o atacante Renato Kayzer, que estava no Athletico-PR, e que firmou contrato at\u00e9 o dia 31 de dezembro de 2025. O Le\u00e3o do Pici informou que pagou R$ 6 milh\u00f5es por 60% dos direitos econ\u00f4micos do atleta de 25 anos.<img decoding=\"async\" src=\"https:\/\/agenciabrasil.ebc.com.br\/ebc.png?id=1441183&amp;o=node\" \/><img decoding=\"async\" src=\"https:\/\/agenciabrasil.ebc.com.br\/ebc.gif?id=1441183&amp;o=node\" \/><\/p>\n<p>Na \u00faltima temporada o centroavante ajudou o Athletico-PR na conquista da Copa Sul-Americana. Pelo Furac\u00e3o Kayzer somou 82 jogos, 20 gols e 7 assist\u00eancias.<\/p>\n<p>\u201cUm atleta que teve um ano muito bom no Athletico-PR, foi artilheiro do time em algumas competi\u00e7\u00f5es. Camisa 9, mas que tem mobilidade, que tem gols de v\u00e1rios formatos, de perna direta, de perna esquerda, de cabe\u00e7a. Jogador jovem e que o Fortaleza faz um investimento para qualificar o setor de ataque\u201d, declarou o presidente do Fortaleza, Marcelo Paz.<\/p>\n<p>Fonte: Ag\u00eancia Brasil<\/p>\n","protected":false},"excerpt":{"rendered":"<p>O Fortaleza anunciou nesta ter\u00e7a-feira (8) o seu oitavo refor\u00e7o para a temporada, o atacante Renato Kayzer, que estava no Athletico-PR, e que firmou contrato at\u00e9 o dia 31 de dezembro de 2025. O Le\u00e3o do Pici informou que pagou R$ 6 milh\u00f5es por 60% dos direitos econ\u00f4micos do atleta de 25 anos. Na \u00faltima [&hellip;]<\/p>\n","protected":false},"author":246,"featured_media":194815,"comment_status":"closed","ping_status":"closed","sticky":false,"template":"","format":"standard","meta":{"footnotes":""},"categories":[436,257,439],"tags":[],"class_list":["post-194814","post","type-post","status-publish","format-standard","has-post-thumbnail","hentry","category-destaque-da-semana","category-esporte","category-ultima-hora"],"_links":{"self":[{"href":"https:\/\/diarioregionaldigital.com.br\/index.php?rest_route=\/wp\/v2\/posts\/194814","targetHints":{"allow":["GET"]}}],"collection":[{"href":"https:\/\/diarioregionaldigital.com.br\/index.php?rest_route=\/wp\/v2\/posts"}],"about":[{"href":"https:\/\/diarioregionaldigital.com.br\/index.php?rest_route=\/wp\/v2\/types\/post"}],"author":[{"embeddable":true,"href":"https:\/\/diarioregionaldigital.com.br\/index.php?rest_route=\/wp\/v2\/users\/246"}],"replies":[{"embeddable":true,"href":"https:\/\/diarioregionaldigital.com.br\/index.php?rest_route=%2Fwp%2Fv2%2Fcomments&post=194814"}],"version-history":[{"count":1,"href":"https:\/\/diarioregionaldigital.com.br\/index.php?rest_route=\/wp\/v2\/posts\/194814\/revisions"}],"predecessor-version":[{"id":194816,"href":"https:\/\/diarioregionaldigital.com.br\/index.php?rest_route=\/wp\/v2\/posts\/194814\/revisions\/194816"}],"wp:featuredmedia":[{"embeddable":true,"href":"https:\/\/diarioregionaldigital.com.br\/index.php?rest_route=\/wp\/v2\/media\/194815"}],"wp:attachment":[{"href":"https:\/\/diarioregionaldigital.com.br\/index.php?rest_route=%2Fwp%2Fv2%2Fmedia&parent=194814"}],"wp:term":[{"taxonomy":"category","embeddable":true,"href":"https:\/\/diarioregionaldigital.com.br\/index.php?rest_route=%2Fwp%2Fv2%2Fcategories&post=194814"},{"taxonomy":"post_tag","embeddable":true,"href":"https:\/\/diarioregionaldigital.com.br\/index.php?rest_route=%2Fwp%2Fv2%2Ftags&post=194814"}],"curies":[{"name":"wp","href":"https:\/\/api.w.org\/{rel}","templated":true}]}}