{"id":194811,"date":"2022-02-09T15:49:06","date_gmt":"2022-02-09T18:49:06","guid":{"rendered":"https:\/\/diarioregionaldigital.com.br\/?p=194811"},"modified":"2022-02-09T15:49:06","modified_gmt":"2022-02-09T18:49:06","slug":"mineiro-america-mg-derrota-pouso-alegre-e-cola-no-lider-galo","status":"publish","type":"post","link":"https:\/\/diarioregionaldigital.com.br\/?p=194811","title":{"rendered":"Mineiro: Am\u00e9rica-MG derrota Pouso Alegre e cola no l\u00edder Galo"},"content":{"rendered":"<p>O Am\u00e9rica-MG derrotou o Pouso Alegre por 1 a 0, nesta ter\u00e7a-feira (8) no est\u00e1dio Manduz\u00e3o, na partida que abriu a 5\u00aa rodada do Campeonato Mineiro. Com este resultado o Coelho assume a vice-lideran\u00e7a da competi\u00e7\u00e3o com os mesmos 10 pontos do l\u00edder Atl\u00e9tico-MG, que mede for\u00e7as com o lanterna URT na pr\u00f3xima quarta-feira (9).<img decoding=\"async\" src=\"https:\/\/agenciabrasil.ebc.com.br\/ebc.png?id=1441186&amp;o=node\" \/><img decoding=\"async\" src=\"https:\/\/agenciabrasil.ebc.com.br\/ebc.gif?id=1441186&amp;o=node\" \/><\/p>\n<p>O triunfo do Am\u00e9rica-MG foi garantido gra\u00e7as a gol, em cobran\u00e7a de p\u00eanalti, do atacante Henrique Almeida, aos 8 minutos do segundo tempo.<\/p>\n<p>O Coelho volta a entrar em campo no s\u00e1bado (12), no estado Independ\u00eancia, contra o Atl\u00e9tico-MG. Um dia depois o Pouso Alegre visita a Caldense.<\/p>\n<p>Fonte: Ag\u00eancia Brasil<\/p>\n","protected":false},"excerpt":{"rendered":"<p>O Am\u00e9rica-MG derrotou o Pouso Alegre por 1 a 0, nesta ter\u00e7a-feira (8) no est\u00e1dio Manduz\u00e3o, na partida que abriu a 5\u00aa rodada do Campeonato Mineiro. Com este resultado o Coelho assume a vice-lideran\u00e7a da competi\u00e7\u00e3o com os mesmos 10 pontos do l\u00edder Atl\u00e9tico-MG, que mede for\u00e7as com o lanterna URT na pr\u00f3xima quarta-feira (9). [&hellip;]<\/p>\n","protected":false},"author":246,"featured_media":194812,"comment_status":"closed","ping_status":"closed","sticky":false,"template":"","format":"standard","meta":{"footnotes":""},"categories":[436,257,439],"tags":[],"class_list":["post-194811","post","type-post","status-publish","format-standard","has-post-thumbnail","hentry","category-destaque-da-semana","category-esporte","category-ultima-hora"],"_links":{"self":[{"href":"https:\/\/diarioregionaldigital.com.br\/index.php?rest_route=\/wp\/v2\/posts\/194811","targetHints":{"allow":["GET"]}}],"collection":[{"href":"https:\/\/diarioregionaldigital.com.br\/index.php?rest_route=\/wp\/v2\/posts"}],"about":[{"href":"https:\/\/diarioregionaldigital.com.br\/index.php?rest_route=\/wp\/v2\/types\/post"}],"author":[{"embeddable":true,"href":"https:\/\/diarioregionaldigital.com.br\/index.php?rest_route=\/wp\/v2\/users\/246"}],"replies":[{"embeddable":true,"href":"https:\/\/diarioregionaldigital.com.br\/index.php?rest_route=%2Fwp%2Fv2%2Fcomments&post=194811"}],"version-history":[{"count":1,"href":"https:\/\/diarioregionaldigital.com.br\/index.php?rest_route=\/wp\/v2\/posts\/194811\/revisions"}],"predecessor-version":[{"id":194813,"href":"https:\/\/diarioregionaldigital.com.br\/index.php?rest_route=\/wp\/v2\/posts\/194811\/revisions\/194813"}],"wp:featuredmedia":[{"embeddable":true,"href":"https:\/\/diarioregionaldigital.com.br\/index.php?rest_route=\/wp\/v2\/media\/194812"}],"wp:attachment":[{"href":"https:\/\/diarioregionaldigital.com.br\/index.php?rest_route=%2Fwp%2Fv2%2Fmedia&parent=194811"}],"wp:term":[{"taxonomy":"category","embeddable":true,"href":"https:\/\/diarioregionaldigital.com.br\/index.php?rest_route=%2Fwp%2Fv2%2Fcategories&post=194811"},{"taxonomy":"post_tag","embeddable":true,"href":"https:\/\/diarioregionaldigital.com.br\/index.php?rest_route=%2Fwp%2Fv2%2Ftags&post=194811"}],"curies":[{"name":"wp","href":"https:\/\/api.w.org\/{rel}","templated":true}]}}