{"id":194808,"date":"2022-02-09T15:47:19","date_gmt":"2022-02-09T18:47:19","guid":{"rendered":"https:\/\/diarioregionaldigital.com.br\/?p=194808"},"modified":"2022-02-09T15:47:19","modified_gmt":"2022-02-09T18:47:19","slug":"jaqueline-mourao-estreia-em-pequim-e-se-torna-recordista-olimpica","status":"publish","type":"post","link":"https:\/\/diarioregionaldigital.com.br\/?p=194808","title":{"rendered":"Jaqueline Mour\u00e3o estreia em Pequim e se torna recordista ol\u00edmpica"},"content":{"rendered":"<p>A estreia da veterana Jaqueline Mour\u00e3o nesta ter\u00e7a-feira (8) na prova de\u00a0<em>sprint<\/em>\u00a0(esqui cross-country) nos Jogos de Inverno de Pequim (China) entrou para a hist\u00f3ria do esporte do pa\u00eds. A atleta,\u00a0de 46 anos, em sua quinta edi\u00e7\u00e3o na neve, tornou-se hoje recordista de participa\u00e7\u00f5es ol\u00edmpicas do Brasil: oito ao todo.\u00a0\u00a0<img decoding=\"async\" src=\"https:\/\/agenciabrasil.ebc.com.br\/ebc.png?id=1441140&amp;o=node\" \/><img decoding=\"async\" src=\"https:\/\/agenciabrasil.ebc.com.br\/ebc.gif?id=1441140&amp;o=node\" \/><\/p>\n<p>Al\u00e9m de j\u00e1 ter representado o pa\u00eds nas provas de esqui cross-country &#8211; Jogos de Turim (2006), Vancouver (2010), Socchi (2014) e Pyeongchang (2018) &#8211; Jaqueline tamb\u00e9m defendeu a amarelinha nas disputas de ciclismo mountain-bike nas Olimp\u00edadas de Atenas (2004), Pequim (2008) e, mais recentemente, em T\u00f3quio 2020, realizada no passado. Foi a primeira vez que o Brasil contou com esquiadores na prova de sprint, na qual o atleta precisa concluir o percurso no menor tempo poss\u00edvel.<\/p>\n<p>\u201cO frio na barriga \u00e9 o mesmo dos primeiros Jogos Ol\u00edmpicos, a vontade de fazer hist\u00f3ria para o meu pa\u00eds \u00e9 enorme. Estar aqui com todo esse cen\u00e1rio, passando por uma classificat\u00f3ria dif\u00edcil, todos os procedimentos por conta da covid, pandemia&#8230; Na linha de largada, tudo se concretizou. O meu caminho foi diferenciado, exigente, Jogos de Ver\u00e3o, de Inverno, tr\u00eas modalidades. E confesso que pensei muito na Bruna [Moura], nesta manh\u00e3, tudo que ela viveu comigo e fiquei muito emotiva\u201d, disse Jaqueline, referindo-se \u00e0 companheira, que ficou fora dos Jogos de Pequim, pois se recupera de um acidente automobil\u00edstico ocorrido na semana anterior ao in\u00edcio do evento.<\/p>\n<p>A veterana parou na classificat\u00f3ria da prova sprint do esqui cross-country: encerrou na 84\u00aa posi\u00e7\u00e3o (tempo de 4min05s60) entre 91 competidores. Apenas as 30 primeiras colocadas &#8211; menores tempos &#8211; asseguravam a classifica\u00e7\u00e3o \u00e0 fase seguinte. Estreante nos Jogos, a compatriota Duda Ribera, de 17 anos, tamb\u00e9m n\u00e3o avan\u00e7ou na qualificat\u00f3ria do sprint: ficou em 88\u00ba lugar (4min14s53).<\/p>\n<p>J\u00e1 o acreano Manex Silva, de 19 anos,conseguiu o melhor resultado do pa\u00eds na disputa masculina do sprint , ao terminar em 71\u00ba lugar (3min08s64) na classificat\u00f3ria, mas n\u00e3o foi o suficiente para seguir adiante na competi\u00e7\u00e3o. O resultado, no entanto, tornou Manex Silva o sul-americano com melhor desempenho na prova. Al\u00e9m de superar representantes da Argentina, Chile e Col\u00f4mbia, o brasileiro ficou \u00e0 frente de atletas de pa\u00edses com mais tradi\u00e7\u00e3o em esportes na neve como Coreia do Sul, Eslov\u00eania e Isl\u00e2ndia.<\/p>\n<p>\u201cA prova foi bastante boa. Consegui fazer um bom sprint porque n\u00e3o perdi muito tempo em nenhum lugar da prova, o que \u00e9 importante, e atravessei a chegada bastante r\u00e1pido. Ent\u00e3o, estou bastante feliz, tamb\u00e9m por ser o melhor sul-americano j\u00e1 que o Franco (Dal Farra, da Argentina) est\u00e1 muito forte nessa temporada. O resultado mostra que o Brasil pode estar \u00e0 frente de pa\u00edses que t\u00eam neve como Argentina e Chile\u201d, afirmou o acreano, em depoimento ao COB.<\/p>\n<p>Fonte: Ag\u00eancia Brasil<\/p>\n","protected":false},"excerpt":{"rendered":"<p>A estreia da veterana Jaqueline Mour\u00e3o nesta ter\u00e7a-feira (8) na prova de\u00a0sprint\u00a0(esqui cross-country) nos Jogos de Inverno de Pequim (China) entrou para a hist\u00f3ria do esporte do pa\u00eds. A atleta,\u00a0de 46 anos, em sua quinta edi\u00e7\u00e3o na neve, tornou-se hoje recordista de participa\u00e7\u00f5es ol\u00edmpicas do Brasil: oito ao todo.\u00a0\u00a0 Al\u00e9m de j\u00e1 ter representado o [&hellip;]<\/p>\n","protected":false},"author":246,"featured_media":194809,"comment_status":"closed","ping_status":"closed","sticky":false,"template":"","format":"standard","meta":{"footnotes":""},"categories":[436,257,439],"tags":[],"class_list":["post-194808","post","type-post","status-publish","format-standard","has-post-thumbnail","hentry","category-destaque-da-semana","category-esporte","category-ultima-hora"],"_links":{"self":[{"href":"https:\/\/diarioregionaldigital.com.br\/index.php?rest_route=\/wp\/v2\/posts\/194808","targetHints":{"allow":["GET"]}}],"collection":[{"href":"https:\/\/diarioregionaldigital.com.br\/index.php?rest_route=\/wp\/v2\/posts"}],"about":[{"href":"https:\/\/diarioregionaldigital.com.br\/index.php?rest_route=\/wp\/v2\/types\/post"}],"author":[{"embeddable":true,"href":"https:\/\/diarioregionaldigital.com.br\/index.php?rest_route=\/wp\/v2\/users\/246"}],"replies":[{"embeddable":true,"href":"https:\/\/diarioregionaldigital.com.br\/index.php?rest_route=%2Fwp%2Fv2%2Fcomments&post=194808"}],"version-history":[{"count":1,"href":"https:\/\/diarioregionaldigital.com.br\/index.php?rest_route=\/wp\/v2\/posts\/194808\/revisions"}],"predecessor-version":[{"id":194810,"href":"https:\/\/diarioregionaldigital.com.br\/index.php?rest_route=\/wp\/v2\/posts\/194808\/revisions\/194810"}],"wp:featuredmedia":[{"embeddable":true,"href":"https:\/\/diarioregionaldigital.com.br\/index.php?rest_route=\/wp\/v2\/media\/194809"}],"wp:attachment":[{"href":"https:\/\/diarioregionaldigital.com.br\/index.php?rest_route=%2Fwp%2Fv2%2Fmedia&parent=194808"}],"wp:term":[{"taxonomy":"category","embeddable":true,"href":"https:\/\/diarioregionaldigital.com.br\/index.php?rest_route=%2Fwp%2Fv2%2Fcategories&post=194808"},{"taxonomy":"post_tag","embeddable":true,"href":"https:\/\/diarioregionaldigital.com.br\/index.php?rest_route=%2Fwp%2Fv2%2Ftags&post=194808"}],"curies":[{"name":"wp","href":"https:\/\/api.w.org\/{rel}","templated":true}]}}