{"id":194805,"date":"2022-02-09T15:44:48","date_gmt":"2022-02-09T18:44:48","guid":{"rendered":"https:\/\/diarioregionaldigital.com.br\/?p=194805"},"modified":"2022-02-09T15:44:48","modified_gmt":"2022-02-09T18:44:48","slug":"apos-imbroglio-cbf-leva-supercopa-do-brasil-para-arena-pantanal","status":"publish","type":"post","link":"https:\/\/diarioregionaldigital.com.br\/?p=194805","title":{"rendered":"Ap\u00f3s imbr\u00f3glio, CBF leva Supercopa do Brasil para Arena Pantanal"},"content":{"rendered":"<p>A edi\u00e7\u00e3o de 2022 da Supercopa do Brasil, marcada para 20 de fevereiro, ser\u00e1 disputada na Arena Pantanal, em Cuiab\u00e1, \u00e0s 16h (hor\u00e1rio de Bras\u00edlia). A Confedera\u00e7\u00e3o Brasileira de Futebol (CBF) confirmou nesta ter\u00e7a-feira (8) o local que sediar\u00e1 o embate entre Atl\u00e9tico-MG e Flamengo.<img decoding=\"async\" src=\"https:\/\/agenciabrasil.ebc.com.br\/ebc.png?id=1441180&amp;o=node\" \/><img decoding=\"async\" src=\"https:\/\/agenciabrasil.ebc.com.br\/ebc.gif?id=1441180&amp;o=node\" \/><\/p>\n<p>Inicialmente, a partida seria disputada em Bras\u00edlia, mas a restri\u00e7\u00e3o \u00e0 presen\u00e7a de p\u00fablico no Man\u00e9 Garrincha, devido \u00e0 alta de casos do novo coronav\u00edrus (covid-19), levou a CBF a procurar outro lugar para receber o duelo. A escolha provocou discuss\u00e3o entre alvinegros e rubro-negros nos bastidores. Os mineiros se recusaram a jogar em est\u00e1dio onde os cariocas tivessem a maioria dos torcedores, como no Nordeste.<\/p>\n<p>O Atl\u00e9tico se credenciou \u00e0 Supercopa por ter vencido o Campeonato Brasileiro e a Copa do Brasil de 2021. Pelo regulamento, o Flamengo herdou o lugar na competi\u00e7\u00e3o por ter sido vice-campe\u00e3o da S\u00e9rie A. O Rubro-Negro levou a melhor nas edi\u00e7\u00f5es anteriores, em 2020 e 2021, ambas disputadas em Bras\u00edlia, respectivamente contra Athletico-PR e Palmeiras.<\/p>\n<p>Fonte: Ag\u00eancia Brasil<\/p>\n","protected":false},"excerpt":{"rendered":"<p>A edi\u00e7\u00e3o de 2022 da Supercopa do Brasil, marcada para 20 de fevereiro, ser\u00e1 disputada na Arena Pantanal, em Cuiab\u00e1, \u00e0s 16h (hor\u00e1rio de Bras\u00edlia). A Confedera\u00e7\u00e3o Brasileira de Futebol (CBF) confirmou nesta ter\u00e7a-feira (8) o local que sediar\u00e1 o embate entre Atl\u00e9tico-MG e Flamengo. Inicialmente, a partida seria disputada em Bras\u00edlia, mas a restri\u00e7\u00e3o [&hellip;]<\/p>\n","protected":false},"author":246,"featured_media":194806,"comment_status":"closed","ping_status":"closed","sticky":false,"template":"","format":"standard","meta":{"footnotes":""},"categories":[436,440,257,439],"tags":[],"class_list":["post-194805","post","type-post","status-publish","format-standard","has-post-thumbnail","hentry","category-destaque-da-semana","category-destaques-do-dia","category-esporte","category-ultima-hora"],"_links":{"self":[{"href":"https:\/\/diarioregionaldigital.com.br\/index.php?rest_route=\/wp\/v2\/posts\/194805","targetHints":{"allow":["GET"]}}],"collection":[{"href":"https:\/\/diarioregionaldigital.com.br\/index.php?rest_route=\/wp\/v2\/posts"}],"about":[{"href":"https:\/\/diarioregionaldigital.com.br\/index.php?rest_route=\/wp\/v2\/types\/post"}],"author":[{"embeddable":true,"href":"https:\/\/diarioregionaldigital.com.br\/index.php?rest_route=\/wp\/v2\/users\/246"}],"replies":[{"embeddable":true,"href":"https:\/\/diarioregionaldigital.com.br\/index.php?rest_route=%2Fwp%2Fv2%2Fcomments&post=194805"}],"version-history":[{"count":1,"href":"https:\/\/diarioregionaldigital.com.br\/index.php?rest_route=\/wp\/v2\/posts\/194805\/revisions"}],"predecessor-version":[{"id":194807,"href":"https:\/\/diarioregionaldigital.com.br\/index.php?rest_route=\/wp\/v2\/posts\/194805\/revisions\/194807"}],"wp:featuredmedia":[{"embeddable":true,"href":"https:\/\/diarioregionaldigital.com.br\/index.php?rest_route=\/wp\/v2\/media\/194806"}],"wp:attachment":[{"href":"https:\/\/diarioregionaldigital.com.br\/index.php?rest_route=%2Fwp%2Fv2%2Fmedia&parent=194805"}],"wp:term":[{"taxonomy":"category","embeddable":true,"href":"https:\/\/diarioregionaldigital.com.br\/index.php?rest_route=%2Fwp%2Fv2%2Fcategories&post=194805"},{"taxonomy":"post_tag","embeddable":true,"href":"https:\/\/diarioregionaldigital.com.br\/index.php?rest_route=%2Fwp%2Fv2%2Ftags&post=194805"}],"curies":[{"name":"wp","href":"https:\/\/api.w.org\/{rel}","templated":true}]}}