{"id":194722,"date":"2022-02-08T19:04:43","date_gmt":"2022-02-08T22:04:43","guid":{"rendered":"https:\/\/diarioregionaldigital.com.br\/?p=194722"},"modified":"2022-02-08T19:04:43","modified_gmt":"2022-02-08T22:04:43","slug":"ritmo-de-ajuste-da-selic-pode-diminuir-diz-copom","status":"publish","type":"post","link":"https:\/\/diarioregionaldigital.com.br\/?p=194722","title":{"rendered":"Ritmo de ajuste da Selic pode diminuir, diz Copom"},"content":{"rendered":"<p>O ritmo de ajuste da taxa b\u00e1sica de juros, a Selic, deve diminuir. Essa previs\u00e3o est\u00e1 na ata da \u00faltima reuni\u00e3o do Comit\u00ea de Pol\u00edtica Monet\u00e1ria (Copom), divulgada hoje (8) pelo Banco Central (BC), mas poder\u00e1 ser revista para que a infla\u00e7\u00e3o convirja em dire\u00e7\u00e3o \u00e0 meta.<img decoding=\"async\" src=\"https:\/\/agenciabrasil.ebc.com.br\/ebc.png?id=1441008&amp;o=node\" \/><img decoding=\"async\" src=\"https:\/\/agenciabrasil.ebc.com.br\/ebc.gif?id=1441008&amp;o=node\" \/><\/p>\n<p>Na semana passada, o comit\u00ea\u00a0<a href=\"https:\/\/agenciabrasil.ebc.com.br\/economia\/noticia\/2022-02\/copom-eleva-juros-basicos-da-economia-para-1075-ao-ano\">aumentou a taxa Selic de 9,25% para 10,75% ao ano<\/a>, tendo por justificativa o aumento da infla\u00e7\u00e3o de alimentos, combust\u00edveis e energia. Foi a primeira vez \u2013 desde julho de 2017, quando atingiu 10,25% ao ano \u2013 que a Selic chega a uma marca de dois d\u00edgitos.<\/p>\n<p>\u201cEm rela\u00e7\u00e3o aos seus pr\u00f3ximos passos, o Comit\u00ea antev\u00ea como mais adequada, neste momento, a redu\u00e7\u00e3o do ritmo de ajuste da taxa b\u00e1sica de juros. Essa sinaliza\u00e7\u00e3o reflete o est\u00e1gio do ciclo de aperto, cujos efeitos cumulativos se manifestar\u00e3o ao longo do horizonte relevante\u201d, diz a ata publicada hoje pelo BC.<\/p>\n<p>O Copom destaca ainda que os \u201cpassos futuros da pol\u00edtica monet\u00e1ria poder\u00e3o ser ajustados para assegurar a converg\u00eancia da infla\u00e7\u00e3o para suas metas, e depender\u00e3o da evolu\u00e7\u00e3o da atividade econ\u00f4mica, do balan\u00e7o de riscos e das proje\u00e7\u00f5es e expectativas de infla\u00e7\u00e3o para o horizonte relevante da pol\u00edtica monet\u00e1ria\u201d.<\/p>\n<p>A Selic \u00e9 o principal instrumento do Banco Central para manter sob controle a infla\u00e7\u00e3o oficial, medida pelo \u00cdndice Nacional de Pre\u00e7os ao Consumidor Amplo (IPCA). Em 2021,\u00a0<a href=\"https:\/\/agenciabrasil.ebc.com.br\/economia\/noticia\/2022-01\/ibge-inflacao-medida-pelo-ipca-fecha-2021-com-alta-de-1006\">o indicador fechou em 10,06%<\/a>, no maior n\u00edvel desde 2015, pressionado pelo d\u00f3lar, pelos combust\u00edveis e pela alta da energia el\u00e9trica.<\/p>\n<h2>Proje\u00e7\u00f5es<\/h2>\n<p>No cen\u00e1rio de refer\u00eancia descrito pelo Copom, com trajet\u00f3ria para a taxa de juros extra\u00edda da pesquisa Focus e d\u00f3lar cotado a R$ 5,45, as proje\u00e7\u00f5es de infla\u00e7\u00e3o ficariam em torno de 5,4% para 2022 e 3,2% para 2023. Esse cen\u00e1rio sup\u00f5e trajet\u00f3ria de juros que se eleva para 12% ao ano, no primeiro semestre de 2022, termina o per\u00edodo em 11,75% ao ano e reduz-se para 8% ao ano em 2023.<\/p>\n<p>De acordo com essas proje\u00e7\u00f5es, a infla\u00e7\u00e3o terminar\u00e1 2022 acima da meta que \u00e9 3,5%. O limite de toler\u00e2ncia \u00e9 1,5 ponto percentual. Ou seja, a infla\u00e7\u00e3o pode ficar entre 2% e 5%.<\/p>\n<p>Para 2023, o centro da meta \u00e9 3,25%, tamb\u00e9m com toler\u00e2ncia de 1,5 ponto percentual.<\/p>\n<p>As proje\u00e7\u00f5es para a infla\u00e7\u00e3o de pre\u00e7os administrados s\u00e3o de 6,6% para 2022 e 5,4% para 2023. \u201cAdota-se a hip\u00f3tese de bandeira tarif\u00e1ria vermelha patamar 1 em dezembro de 2022 e dezembro de 2023\u201d, projeta o comit\u00ea.<\/p>\n<h2>Fatores de risco<\/h2>\n<p>De acordo com o cen\u00e1rio de refer\u00eancia do Copom, a infla\u00e7\u00e3o envolve fatores de risco em ambas as dire\u00e7\u00f5es. Por um lado, uma \u201cposs\u00edvel revers\u00e3o, ainda que parcial\u201d, do aumento nos pre\u00e7os das\u00a0<em>commodities<\/em>\u00a0em moeda local produziria trajet\u00f3ria de infla\u00e7\u00e3o abaixo do cen\u00e1rio de refer\u00eancia. Por outro lado, \u201cpol\u00edticas fiscais que impliquem impulso adicional da demanda agregada ou piorem a trajet\u00f3ria fiscal futura podem impactar negativamente pre\u00e7os de ativos importantes e elevar os pr\u00eamios de risco do pa\u00eds\u201d.<\/p>\n<h2>Contas P\u00fablicas<\/h2>\n<p>Na avalia\u00e7\u00e3o de riscos descrita na ata, o Copom argumenta que, mesmo em uma situa\u00e7\u00e3o de desempenho mais positivo das contas p\u00fablicas, a incerteza em rela\u00e7\u00e3o ao arcabou\u00e7o fiscal continua mantendo \u201celevado o risco de desancoragem das expectativas de infla\u00e7\u00e3o\u201d, o que acaba por implicar em uma \u201cmaior probabilidade\u201d de trajet\u00f3rias para infla\u00e7\u00e3o acima do projetado.<\/p>\n<p>\u201cA incerteza em rela\u00e7\u00e3o ao futuro do arcabou\u00e7o fiscal atual resulta em eleva\u00e7\u00e3o dos pr\u00eamios de risco e eleva o risco de desancoragem das expectativas de infla\u00e7\u00e3o. Isso implica atribuir maior probabilidade para cen\u00e1rios alternativos que considerem taxas neutras de juros mais elevadas. O Copom reitera que o processo de reformas e ajustes necess\u00e1rios na economia brasileira \u00e9 essencial para o crescimento sustent\u00e1vel da economia\u201d, diz a ata.<\/p>\n<h2>Pleno emprego<\/h2>\n<p>O comit\u00ea ressalta que a \u00faltima decis\u00e3o relacionada \u00e0 Selic reflete o \u201ccen\u00e1rio de refer\u00eancia\u201d e um balan\u00e7o de riscos de \u201cvari\u00e2ncia maior do que a usual para a infla\u00e7\u00e3o prospectiva\u201d, sendo portanto \u201ccompat\u00edvel com a converg\u00eancia da infla\u00e7\u00e3o para as metas ao longo do horizonte relevante, que inclui os anos-calend\u00e1rio de 2022 e, em grau maior, de 2023\u201d. \u201cSem preju\u00edzo de seu objetivo fundamental de assegurar a estabilidade de pre\u00e7os, essa decis\u00e3o tamb\u00e9m implica suaviza\u00e7\u00e3o das flutua\u00e7\u00f5es do n\u00edvel de atividade econ\u00f4mica e fomento do pleno emprego\u201d, complementa a ata.<\/p>\n<p>Fonte: Ag\u00eancia Brasil<\/p>\n","protected":false},"excerpt":{"rendered":"<p>O ritmo de ajuste da taxa b\u00e1sica de juros, a Selic, deve diminuir. Essa previs\u00e3o est\u00e1 na ata da \u00faltima reuni\u00e3o do Comit\u00ea de Pol\u00edtica Monet\u00e1ria (Copom), divulgada hoje (8) pelo Banco Central (BC), mas poder\u00e1 ser revista para que a infla\u00e7\u00e3o convirja em dire\u00e7\u00e3o \u00e0 meta. Na semana passada, o comit\u00ea\u00a0aumentou a taxa Selic [&hellip;]<\/p>\n","protected":false},"author":246,"featured_media":194723,"comment_status":"closed","ping_status":"closed","sticky":false,"template":"","format":"standard","meta":{"footnotes":""},"categories":[436,261,439],"tags":[],"class_list":["post-194722","post","type-post","status-publish","format-standard","has-post-thumbnail","hentry","category-destaque-da-semana","category-economia","category-ultima-hora"],"_links":{"self":[{"href":"https:\/\/diarioregionaldigital.com.br\/index.php?rest_route=\/wp\/v2\/posts\/194722","targetHints":{"allow":["GET"]}}],"collection":[{"href":"https:\/\/diarioregionaldigital.com.br\/index.php?rest_route=\/wp\/v2\/posts"}],"about":[{"href":"https:\/\/diarioregionaldigital.com.br\/index.php?rest_route=\/wp\/v2\/types\/post"}],"author":[{"embeddable":true,"href":"https:\/\/diarioregionaldigital.com.br\/index.php?rest_route=\/wp\/v2\/users\/246"}],"replies":[{"embeddable":true,"href":"https:\/\/diarioregionaldigital.com.br\/index.php?rest_route=%2Fwp%2Fv2%2Fcomments&post=194722"}],"version-history":[{"count":1,"href":"https:\/\/diarioregionaldigital.com.br\/index.php?rest_route=\/wp\/v2\/posts\/194722\/revisions"}],"predecessor-version":[{"id":194724,"href":"https:\/\/diarioregionaldigital.com.br\/index.php?rest_route=\/wp\/v2\/posts\/194722\/revisions\/194724"}],"wp:featuredmedia":[{"embeddable":true,"href":"https:\/\/diarioregionaldigital.com.br\/index.php?rest_route=\/wp\/v2\/media\/194723"}],"wp:attachment":[{"href":"https:\/\/diarioregionaldigital.com.br\/index.php?rest_route=%2Fwp%2Fv2%2Fmedia&parent=194722"}],"wp:term":[{"taxonomy":"category","embeddable":true,"href":"https:\/\/diarioregionaldigital.com.br\/index.php?rest_route=%2Fwp%2Fv2%2Fcategories&post=194722"},{"taxonomy":"post_tag","embeddable":true,"href":"https:\/\/diarioregionaldigital.com.br\/index.php?rest_route=%2Fwp%2Fv2%2Ftags&post=194722"}],"curies":[{"name":"wp","href":"https:\/\/api.w.org\/{rel}","templated":true}]}}