{"id":194719,"date":"2022-02-08T19:01:41","date_gmt":"2022-02-08T22:01:41","guid":{"rendered":"https:\/\/diarioregionaldigital.com.br\/?p=194719"},"modified":"2022-02-08T19:01:41","modified_gmt":"2022-02-08T22:01:41","slug":"senacon-lanca-guia-com-orientacoes-sobre-aumentos-abusivos-de-precos","status":"publish","type":"post","link":"https:\/\/diarioregionaldigital.com.br\/?p=194719","title":{"rendered":"Senacon lan\u00e7a guia com orienta\u00e7\u00f5es sobre aumentos abusivos de pre\u00e7os"},"content":{"rendered":"<p>A dificuldade que agentes dos diferentes \u00f3rg\u00e3os de defesa do consumidor enfrentam para identificar e caracterizar eventuais aumentos abusivos de pre\u00e7os em um sistema de livre concorr\u00eancia, no qual o valor de bens e servi\u00e7os \u00e9 determinado pela oferta e demanda, motivou a Secretaria Nacional do Consumidor (Senacon) a criar uma cartilha para nortear a atua\u00e7\u00e3o dos agentes p\u00fablicos, especialmente os ligados aos Procons.<img decoding=\"async\" src=\"https:\/\/agenciabrasil.ebc.com.br\/ebc.png?id=1441112&amp;o=node\" \/><img decoding=\"async\" src=\"https:\/\/agenciabrasil.ebc.com.br\/ebc.gif?id=1441112&amp;o=node\" \/><\/p>\n<p>Dispon\u00edvel\u00a0no site da Senacon, o\u00a0<a href=\"https:\/\/www.defesadoconsumidor.gov.br\/images\/Guia_de_pre%C3%A7os_abusivos_v9.pdf\" target=\"_blank\" rel=\"noopener\">Guia Pr\u00e1tico de An\u00e1lise de Aumentos de Pre\u00e7os de Produtos e Servi\u00e7os<\/a>\u00a0funciona como uma esp\u00e9cie de roteiro para sanar d\u00favidas quanto aos mais frequentes ind\u00edcios de comportamento abusivo por parte dos agentes econ\u00f4micos.<\/p>\n<p>A publica\u00e7\u00e3o tamb\u00e9m destaca a import\u00e2ncia da an\u00e1lise de indicadores de conjuntura no momento em que o agente p\u00fablico tem que decidir se o aumento do pre\u00e7o cobrado por um produto ou servi\u00e7o \u00e9 ou n\u00e3o abusivo.<\/p>\n<p>Segundo o coordenador-geral de estudos e monitoramento de mercados da Senacon, Frederico Moesch, s\u00f3 uma avalia\u00e7\u00e3o do comportamento de toda a cadeia produtiva pode confirmar se uma repentina alta dos pre\u00e7os se justifica ou n\u00e3o.<\/p>\n<p>\u201cPara o C\u00f3digo de Defesa do Consumidor, aumento abusivo \u00e9 a eleva\u00e7\u00e3o sem justa causa dos pre\u00e7os de produtos e servi\u00e7os. O que \u00e9 uma defini\u00e7\u00e3o jur\u00eddica em aberto, que deixa espa\u00e7o para interpreta\u00e7\u00e3o\u201d, disse Moesch, durante a apresenta\u00e7\u00e3o do guia.<\/p>\n<p>\u201c\u00c9 preciso avaliar, por meio de an\u00e1lises econ\u00f4micas, se houve choques de demanda ou de ofertas. [Por exemplo], a Senacon j\u00e1 fez algumas an\u00e1lises de pre\u00e7os de produtos da cesta b\u00e1sica e observou que, em alguns casos, houve sim um choque de oferta ou de demanda [que justificou a alta dos pre\u00e7os de alguns produtos bem acima da infla\u00e7\u00e3o do per\u00edodo]\u201d, acrescentou Moesch, destacando o aumento de den\u00fancias ao longo dos dois anos de pandemia.<\/p>\n<p>De acordo com a secret\u00e1ria nacional do Consumidor, Juliana Domingues, o objetivo da secretaria \u00e9 oferecer um roteiro de atua\u00e7\u00e3o que auxilie as atividades di\u00e1rias dos t\u00e9cnicos e proporcione mais seguran\u00e7a jur\u00eddica \u00e0s decis\u00f5es dos \u00f3rg\u00e3os que integram o Sistema Nacional de Defesa do Consumidor.<\/p>\n<p>\u201cPrecis\u00e1vamos\u00a0ter\u00a0um norte. Fizemos isto\u00a0[o guia]\u00a0ao longo de dois anos,\u00a0com base nas\u00a0experi\u00eancias, com ampla discuss\u00e3o\u00a0e\u00a0com o subs\u00eddio dos \u00f3rg\u00e3os de defesa do consumidor e a participa\u00e7\u00e3o do\u00a0Minist\u00e9rio da\u00a0Economia e do\u00a0Cade\u00a0[Conselho Administrativo de Defesa Econ\u00f4mica]\u201d,\u00a0declarou a secret\u00e1ria, destacando que a falta de par\u00e2metros claros pode, eventualmente, desestimular a\u00a0concorr\u00eancia e a inova\u00e7\u00e3o e gerar a judicializa\u00e7\u00e3o de decis\u00f5es administrativas. &#8220;E o consumidor s\u00f3 tem a ganhar, uma vez que suas den\u00fancias ser\u00e3o devidamente investigadas e punidas.&#8221;<\/p>\n<p>Diretor Administrativo da Confedera\u00e7\u00e3o Nacional do Com\u00e9rcio (CNC) e presidente da Federa\u00e7\u00e3o do Com\u00e9rcio de Bens, Servi\u00e7os e Turismo do Estado do Rio\u00a0de Janeiro\u00a0(Fecom\u00e9rcio-RJ), Ant\u00f4nio Flor\u00eancio Queiroz J\u00fanior elogiou a iniciativa da Senacon.<\/p>\n<p>\u201cAgora, temos um guia que nos permite previsibilidade. Que nos permite condi\u00e7\u00f5es de treinarmos nosso pessoal e avaliarmos passo a passo, inclusive com nossos fornecedores, os pontos que ser\u00e3o [eventualmente] avaliados [em caso de den\u00fancia de aumentos abusivos]. Com isto, teremos seguran\u00e7a jur\u00eddica.\u201d<\/p>\n<p>Fonte: Ag\u00eancia Brasil<\/p>\n","protected":false},"excerpt":{"rendered":"<p>A dificuldade que agentes dos diferentes \u00f3rg\u00e3os de defesa do consumidor enfrentam para identificar e caracterizar eventuais aumentos abusivos de pre\u00e7os em um sistema de livre concorr\u00eancia, no qual o valor de bens e servi\u00e7os \u00e9 determinado pela oferta e demanda, motivou a Secretaria Nacional do Consumidor (Senacon) a criar uma cartilha para nortear a [&hellip;]<\/p>\n","protected":false},"author":246,"featured_media":194720,"comment_status":"closed","ping_status":"closed","sticky":false,"template":"","format":"standard","meta":{"footnotes":""},"categories":[436,440,261,439],"tags":[],"class_list":["post-194719","post","type-post","status-publish","format-standard","has-post-thumbnail","hentry","category-destaque-da-semana","category-destaques-do-dia","category-economia","category-ultima-hora"],"_links":{"self":[{"href":"https:\/\/diarioregionaldigital.com.br\/index.php?rest_route=\/wp\/v2\/posts\/194719","targetHints":{"allow":["GET"]}}],"collection":[{"href":"https:\/\/diarioregionaldigital.com.br\/index.php?rest_route=\/wp\/v2\/posts"}],"about":[{"href":"https:\/\/diarioregionaldigital.com.br\/index.php?rest_route=\/wp\/v2\/types\/post"}],"author":[{"embeddable":true,"href":"https:\/\/diarioregionaldigital.com.br\/index.php?rest_route=\/wp\/v2\/users\/246"}],"replies":[{"embeddable":true,"href":"https:\/\/diarioregionaldigital.com.br\/index.php?rest_route=%2Fwp%2Fv2%2Fcomments&post=194719"}],"version-history":[{"count":1,"href":"https:\/\/diarioregionaldigital.com.br\/index.php?rest_route=\/wp\/v2\/posts\/194719\/revisions"}],"predecessor-version":[{"id":194721,"href":"https:\/\/diarioregionaldigital.com.br\/index.php?rest_route=\/wp\/v2\/posts\/194719\/revisions\/194721"}],"wp:featuredmedia":[{"embeddable":true,"href":"https:\/\/diarioregionaldigital.com.br\/index.php?rest_route=\/wp\/v2\/media\/194720"}],"wp:attachment":[{"href":"https:\/\/diarioregionaldigital.com.br\/index.php?rest_route=%2Fwp%2Fv2%2Fmedia&parent=194719"}],"wp:term":[{"taxonomy":"category","embeddable":true,"href":"https:\/\/diarioregionaldigital.com.br\/index.php?rest_route=%2Fwp%2Fv2%2Fcategories&post=194719"},{"taxonomy":"post_tag","embeddable":true,"href":"https:\/\/diarioregionaldigital.com.br\/index.php?rest_route=%2Fwp%2Fv2%2Ftags&post=194719"}],"curies":[{"name":"wp","href":"https:\/\/api.w.org\/{rel}","templated":true}]}}