{"id":194714,"date":"2022-02-08T00:38:40","date_gmt":"2022-02-08T03:38:40","guid":{"rendered":"https:\/\/diarioregionaldigital.com.br\/?p=194714"},"modified":"2022-02-08T00:38:40","modified_gmt":"2022-02-08T03:38:40","slug":"prefeitura-municipal-de-descoberto-termo-aditivo-contrato-08-02-2022","status":"publish","type":"post","link":"https:\/\/diarioregionaldigital.com.br\/?p=194714","title":{"rendered":"Prefeitura Municipal de Descoberto &#8211; Termo Aditivo Contrato &#8211; 08\/02\/2022"},"content":{"rendered":"<p style=\"text-align: center;\"><strong>EXTRATO DE TERCEIRO TERMO ADITIVO DE CONTRATO<\/strong><\/p>\n<p style=\"text-align: center;\">3\u00ba Termo Aditivo. Pref. Municipal de Descoberto x Centro de Ensino e Servi\u00e7os Ltda -ME\u00a0 &#8211; Objeto: Manuten\u00e7\u00e3o preventiva e corretiva dos computadores, configura\u00e7\u00e3o e manuten\u00e7\u00e3o da rede &#8211; Fundamento: Carta Convite n\u00ba \u00a0012\/2018 \u2013 Valor Global: 18.000,00 \u00a0\u2013 Vig\u00eancia: 03\/01\/22 a 03\/01\/23 \u2013 Dot or\u00e7: 02.0200.04.122.0002.217-339039\/100- 02.04001.12.122.0002.232-339039\/101- 02.08000.08.244.0012.236-339039\/100- 02.05001.10.122.0002.283-339039\/102 &#8211; Ass: 03\/01\/2022 &#8211; Foro: S\u00e3o Jo\u00e3o Nepomuceno\/MG.<\/p>\n<p style=\"text-align: center;\"><strong>Marcos de Ara\u00fajo Lima<\/strong><\/p>\n<p style=\"text-align: center;\"><strong>Prefeito Municipal<\/strong><\/p>\n","protected":false},"excerpt":{"rendered":"<p>EXTRATO DE TERCEIRO TERMO ADITIVO DE CONTRATO 3\u00ba Termo Aditivo. Pref. Municipal de Descoberto x Centro de Ensino e Servi\u00e7os Ltda -ME\u00a0 &#8211; Objeto: Manuten\u00e7\u00e3o preventiva e corretiva dos computadores, configura\u00e7\u00e3o e manuten\u00e7\u00e3o da rede &#8211; Fundamento: Carta Convite n\u00ba \u00a0012\/2018 \u2013 Valor Global: 18.000,00 \u00a0\u2013 Vig\u00eancia: 03\/01\/22 a 03\/01\/23 \u2013 Dot or\u00e7: 02.0200.04.122.0002.217-339039\/100- 02.04001.12.122.0002.232-339039\/101- [&hellip;]<\/p>\n","protected":false},"author":96,"featured_media":0,"comment_status":"closed","ping_status":"closed","sticky":false,"template":"","format":"standard","meta":{"footnotes":""},"categories":[307],"tags":[],"class_list":["post-194714","post","type-post","status-publish","format-standard","hentry","category-editais"],"_links":{"self":[{"href":"https:\/\/diarioregionaldigital.com.br\/index.php?rest_route=\/wp\/v2\/posts\/194714","targetHints":{"allow":["GET"]}}],"collection":[{"href":"https:\/\/diarioregionaldigital.com.br\/index.php?rest_route=\/wp\/v2\/posts"}],"about":[{"href":"https:\/\/diarioregionaldigital.com.br\/index.php?rest_route=\/wp\/v2\/types\/post"}],"author":[{"embeddable":true,"href":"https:\/\/diarioregionaldigital.com.br\/index.php?rest_route=\/wp\/v2\/users\/96"}],"replies":[{"embeddable":true,"href":"https:\/\/diarioregionaldigital.com.br\/index.php?rest_route=%2Fwp%2Fv2%2Fcomments&post=194714"}],"version-history":[{"count":1,"href":"https:\/\/diarioregionaldigital.com.br\/index.php?rest_route=\/wp\/v2\/posts\/194714\/revisions"}],"predecessor-version":[{"id":194715,"href":"https:\/\/diarioregionaldigital.com.br\/index.php?rest_route=\/wp\/v2\/posts\/194714\/revisions\/194715"}],"wp:attachment":[{"href":"https:\/\/diarioregionaldigital.com.br\/index.php?rest_route=%2Fwp%2Fv2%2Fmedia&parent=194714"}],"wp:term":[{"taxonomy":"category","embeddable":true,"href":"https:\/\/diarioregionaldigital.com.br\/index.php?rest_route=%2Fwp%2Fv2%2Fcategories&post=194714"},{"taxonomy":"post_tag","embeddable":true,"href":"https:\/\/diarioregionaldigital.com.br\/index.php?rest_route=%2Fwp%2Fv2%2Ftags&post=194714"}],"curies":[{"name":"wp","href":"https:\/\/api.w.org\/{rel}","templated":true}]}}