{"id":194710,"date":"2022-02-08T00:36:05","date_gmt":"2022-02-08T03:36:05","guid":{"rendered":"https:\/\/diarioregionaldigital.com.br\/?p=194710"},"modified":"2022-02-08T00:36:05","modified_gmt":"2022-02-08T03:36:05","slug":"prefeitura-municipal-de-descoberto-licitacao-no-006-08-02-2022","status":"publish","type":"post","link":"https:\/\/diarioregionaldigital.com.br\/?p=194710","title":{"rendered":"Prefeitura Municipal de Descoberto &#8211; Licita\u00e7\u00e3o n\u00ba 006 &#8211; 08\/02\/2022"},"content":{"rendered":"<p style=\"text-align: center;\"><strong>AVISO DE ADES\u00c3O A LICITA\u00c7\u00c3O &#8211; &#8220;CARONA&#8221;<\/strong><\/p>\n<p style=\"text-align: center;\"><strong>Licita\u00e7\u00e3o n\u00b0 006\/2022<\/strong><\/p>\n<p style=\"text-align: center;\"><strong>Termo de Ades\u00e3o a Licita\u00e7\u00e3o<\/strong><\/p>\n<p style=\"text-align: center;\">O Munic\u00edpio de DESCOBERTO, na forma da lei, faz saber a todos quantos o presente virem, ou dele conhecimento tiverem, que aderiu a licita\u00e7\u00e3o n\u00b0 160\/2021 promovida pelo SECRETARIA DE ESTADO DE PLANEJAMENTO E GEST\u00c3O &#8211; SEPLAG desenvolvida sob a modalidade de Preg\u00e3o n\u00b0 160 , desenvolvida sob o sistema de registro de pre\u00e7os. Por conta da referida ades\u00e3o, foi firmado o contrato n\u00b0 ATA 008\/2022 \u00a0a\u00a0 028\/2022 tendo como partes o munic\u00edpio DESCOBERTO e a empresa AC\u00c1CIA COM\u00c9RCIO DE MEDICAMENTOS LTDA, no valor de R$ 88.774,16, ALFALAGOS LTDA no valor de R$7.851,16, BH FARMA COM\u00c9RCIO\u00a0 LTDA no valor R$36.939,25, BIOHOSP PRODUTOS HOSPITALARES no valor de R$62.905,27, CIMED INDUSTRIA DE MEDICAMENTOS LTDA no valor de R$25.842,40, COMERCIAL CIR\u00daRGICA RIOCLARENSE LTDA no valor de R$69.880,90, CONQUISTA DISTRIBUIDORA DE MEDICAMENTOS E PRODUTOS HOSPITALARES LTDA no valor de R$385,26, COSTA CAMARGO COMM\u00c9RCIO DE PRODUTOS HOSPITALARES LTDA no valor de R$22.408,40, CRIST\u00c1LIA PRODUTOS QU\u00cdMICOS FARMAMC\u00caUTICOS LTRDA no valor de R$3.750,00, DROGAAFONTE LTDA no valor de R$703,44, FRESNIUS KABI BRASIL LTDA no valor de R$4.040,00, GLOBAL HOSPITALAR IMPORTA\u00c7\u00c3O E COM\u00c9RCIO LTDA no valor de R$24.000,00, MED CENTER COMERCIAL LTDA no valor de R$25.395,34, MEDILAR IMPORTA\u00c7\u00c3OA E DISTRIBUI\u00c7\u00c3O DE PRODUTOS M\u00c9DICOS HOSPITALARES S\/A no valor de R$ 4.134,00, MULTIFARMA COMERCIAL LTDA no valor de R$47.877,53, ONCO PROD DISTRIBUIDORA DE PRODUTOS HOSPITALARES E ONCOL\u00d3GICOS LTDA no valor de R$40,20, PRATTI,DONADUZZI &amp; CIA LTDA no valor de R$ 42.277,46, SAMEH SOLU\u00c7\u00d5ES HOSPITALARES LTDA no valor de R$26.166,10, SOMA\/MG PRODUITOS HOSPITALARES LTDA no valor de R$8.363,91, SULMEDIC COM\u00c9RCIO DE MEDICAMENTOS LTDA no valor de R$4.000,00, S\u00cdRIO PHARMA EIRELE no valor de R$1.901,70, cuja \u00edntegra se encontra arquivada e a disposi\u00e7\u00e3o para consulta. Para conhecimento de todos os interessados, expediu-se o presente que ser\u00e1 afixado no lugar de costume, publicando-se na forma da lei. DESCOBERTO, dia 27 de janeiro de 2022<\/p>\n","protected":false},"excerpt":{"rendered":"<p>AVISO DE ADES\u00c3O A LICITA\u00c7\u00c3O &#8211; &#8220;CARONA&#8221; Licita\u00e7\u00e3o n\u00b0 006\/2022 Termo de Ades\u00e3o a Licita\u00e7\u00e3o O Munic\u00edpio de DESCOBERTO, na forma da lei, faz saber a todos quantos o presente virem, ou dele conhecimento tiverem, que aderiu a licita\u00e7\u00e3o n\u00b0 160\/2021 promovida pelo SECRETARIA DE ESTADO DE PLANEJAMENTO E GEST\u00c3O &#8211; SEPLAG desenvolvida sob a [&hellip;]<\/p>\n","protected":false},"author":96,"featured_media":0,"comment_status":"closed","ping_status":"closed","sticky":false,"template":"","format":"standard","meta":{"footnotes":""},"categories":[307],"tags":[],"class_list":["post-194710","post","type-post","status-publish","format-standard","hentry","category-editais"],"_links":{"self":[{"href":"https:\/\/diarioregionaldigital.com.br\/index.php?rest_route=\/wp\/v2\/posts\/194710","targetHints":{"allow":["GET"]}}],"collection":[{"href":"https:\/\/diarioregionaldigital.com.br\/index.php?rest_route=\/wp\/v2\/posts"}],"about":[{"href":"https:\/\/diarioregionaldigital.com.br\/index.php?rest_route=\/wp\/v2\/types\/post"}],"author":[{"embeddable":true,"href":"https:\/\/diarioregionaldigital.com.br\/index.php?rest_route=\/wp\/v2\/users\/96"}],"replies":[{"embeddable":true,"href":"https:\/\/diarioregionaldigital.com.br\/index.php?rest_route=%2Fwp%2Fv2%2Fcomments&post=194710"}],"version-history":[{"count":1,"href":"https:\/\/diarioregionaldigital.com.br\/index.php?rest_route=\/wp\/v2\/posts\/194710\/revisions"}],"predecessor-version":[{"id":194711,"href":"https:\/\/diarioregionaldigital.com.br\/index.php?rest_route=\/wp\/v2\/posts\/194710\/revisions\/194711"}],"wp:attachment":[{"href":"https:\/\/diarioregionaldigital.com.br\/index.php?rest_route=%2Fwp%2Fv2%2Fmedia&parent=194710"}],"wp:term":[{"taxonomy":"category","embeddable":true,"href":"https:\/\/diarioregionaldigital.com.br\/index.php?rest_route=%2Fwp%2Fv2%2Fcategories&post=194710"},{"taxonomy":"post_tag","embeddable":true,"href":"https:\/\/diarioregionaldigital.com.br\/index.php?rest_route=%2Fwp%2Fv2%2Ftags&post=194710"}],"curies":[{"name":"wp","href":"https:\/\/api.w.org\/{rel}","templated":true}]}}