{"id":194705,"date":"2022-02-07T15:56:43","date_gmt":"2022-02-07T18:56:43","guid":{"rendered":"https:\/\/diarioregionaldigital.com.br\/?p=194705"},"modified":"2022-02-07T15:56:43","modified_gmt":"2022-02-07T18:56:43","slug":"operacao-tapa-buracos-segue-atuando-nas-ruas-de-juiz-de-fora","status":"publish","type":"post","link":"https:\/\/diarioregionaldigital.com.br\/?p=194705","title":{"rendered":"Opera\u00e7\u00e3o tapa-buracos segue atuando nas ruas de Juiz de Fora"},"content":{"rendered":"<p>Segundo informa\u00e7\u00f5es do site da Prefeitura de Juiz de Fora, o Programa Boniteza segue pelas vias de Juiz de Fora com a opera\u00e7\u00e3o tapa-buracos. Nesta sexta-feira, 4, equipes da Empresa Municipal de Pavimenta\u00e7\u00e3o e Urbaniza\u00e7\u00e3o (Empav) realizaram trabalhos de recapeamento na Rua Luz Interior, no Estrela Sul; na Avenida\u00a0 Dr. Paulo Japiassu Coelho, na altura do bairro Cascatinha; na Avenida Get\u00falio Vargas, Centro; al\u00e9m da continua\u00e7\u00e3o dos reparos na Avenida Coronel Vidal, bairro S\u00e3o Dimas e na Avenida Rio Branco, no centro.<br \/>\nDestaque para a pavimenta\u00e7\u00e3o que est\u00e1 sendo realizada na rua Florida, bairro Filgueiras, zona nordeste da cidade. A previs\u00e3o \u00e9 que os trabalhos por l\u00e1 sejam conclu\u00eddos at\u00e9 a pr\u00f3xima quarta-feira, 9, caso o tempo se mantenha est\u00e1vel.<br \/>\n<strong>Programa Boniteza<\/strong><br \/>\nTodas as a\u00e7\u00f5es de reestrutura\u00e7\u00e3o, urbaniza\u00e7\u00e3o e zeladoria realizadas pela Empav fazem parte do Programa Boniteza. Voc\u00ea pode solicitar estes e outros servi\u00e7os atrav\u00e9s do Gabinete de A\u00e7\u00e3o e Di\u00e1logo Comunit\u00e1rio, que recebe e organiza pedidos relativos a interven\u00e7\u00f5es e melhorias urbanas. O contato pode ser feito por liga\u00e7\u00e3o telef\u00f4nica, pelo n\u00famero (32) 3690-7241 ou, ainda, via WhatsApp, utilizando o mesmo n\u00famero.<\/p>\n","protected":false},"excerpt":{"rendered":"<p>Segundo informa\u00e7\u00f5es do site da Prefeitura de Juiz de Fora, o Programa Boniteza segue pelas vias de Juiz de Fora com a opera\u00e7\u00e3o tapa-buracos. Nesta sexta-feira, 4, equipes da Empresa Municipal de Pavimenta\u00e7\u00e3o e Urbaniza\u00e7\u00e3o (Empav) realizaram trabalhos de recapeamento na Rua Luz Interior, no Estrela Sul; na Avenida\u00a0 Dr. Paulo Japiassu Coelho, na altura [&hellip;]<\/p>\n","protected":false},"author":246,"featured_media":194706,"comment_status":"closed","ping_status":"closed","sticky":false,"template":"","format":"standard","meta":{"footnotes":""},"categories":[253,436,439],"tags":[],"class_list":["post-194705","post","type-post","status-publish","format-standard","has-post-thumbnail","hentry","category-cidade","category-destaque-da-semana","category-ultima-hora"],"_links":{"self":[{"href":"https:\/\/diarioregionaldigital.com.br\/index.php?rest_route=\/wp\/v2\/posts\/194705","targetHints":{"allow":["GET"]}}],"collection":[{"href":"https:\/\/diarioregionaldigital.com.br\/index.php?rest_route=\/wp\/v2\/posts"}],"about":[{"href":"https:\/\/diarioregionaldigital.com.br\/index.php?rest_route=\/wp\/v2\/types\/post"}],"author":[{"embeddable":true,"href":"https:\/\/diarioregionaldigital.com.br\/index.php?rest_route=\/wp\/v2\/users\/246"}],"replies":[{"embeddable":true,"href":"https:\/\/diarioregionaldigital.com.br\/index.php?rest_route=%2Fwp%2Fv2%2Fcomments&post=194705"}],"version-history":[{"count":1,"href":"https:\/\/diarioregionaldigital.com.br\/index.php?rest_route=\/wp\/v2\/posts\/194705\/revisions"}],"predecessor-version":[{"id":194707,"href":"https:\/\/diarioregionaldigital.com.br\/index.php?rest_route=\/wp\/v2\/posts\/194705\/revisions\/194707"}],"wp:featuredmedia":[{"embeddable":true,"href":"https:\/\/diarioregionaldigital.com.br\/index.php?rest_route=\/wp\/v2\/media\/194706"}],"wp:attachment":[{"href":"https:\/\/diarioregionaldigital.com.br\/index.php?rest_route=%2Fwp%2Fv2%2Fmedia&parent=194705"}],"wp:term":[{"taxonomy":"category","embeddable":true,"href":"https:\/\/diarioregionaldigital.com.br\/index.php?rest_route=%2Fwp%2Fv2%2Fcategories&post=194705"},{"taxonomy":"post_tag","embeddable":true,"href":"https:\/\/diarioregionaldigital.com.br\/index.php?rest_route=%2Fwp%2Fv2%2Ftags&post=194705"}],"curies":[{"name":"wp","href":"https:\/\/api.w.org\/{rel}","templated":true}]}}