{"id":194699,"date":"2022-02-07T15:50:57","date_gmt":"2022-02-07T18:50:57","guid":{"rendered":"https:\/\/diarioregionaldigital.com.br\/?p=194699"},"modified":"2022-02-07T15:50:57","modified_gmt":"2022-02-07T18:50:57","slug":"se-inicia-periodo-de-transferencia-de-cadastro-entre-creches-na-proxima-semana","status":"publish","type":"post","link":"https:\/\/diarioregionaldigital.com.br\/?p=194699","title":{"rendered":"SE inicia per\u00edodo de transfer\u00eancia de cadastro entre creches na pr\u00f3xima semana"},"content":{"rendered":"<p>Segundo informa\u00e7\u00f5es do site da Prefeitura de Juiz de Fora, a Secretaria de Educa\u00e7\u00e3o inicia na pr\u00f3xima segunda-feira, 14, o per\u00edodo de transfer\u00eancia de vagas entre creches parceiras da Prefeitura de Juiz de Fora (PJF), para crian\u00e7as inscritas no processo de <strong>&#8220;Cadastramento para Creches 2022\u201d<\/strong>, ocorrido entre os dias 4 de outubro de 2021 a 19 de novembro de 2021, que teve como foco a demanda deste ano.<\/p>\n<p>A transfer\u00eancia n\u00e3o \u00e9 cadastro nem matr\u00edcula direta para as creches e pode ser feita ao longo do ano, caso haja disponibilidade de vagas nas institui\u00e7\u00f5es por desist\u00eancias ou afins. Podem participar somente as fam\u00edlias que possuem crian\u00e7as na fila de espera<strong>\u00a0<\/strong>das institui\u00e7\u00f5es conforme link abaixo:<\/p>\n<p><a href=\"https:\/\/www.pjf.mg.gov.br\/secretarias\/se\/creches\/resultado\/arquivos\/lista_de_espera_2022_cadastro_de_creches.pdf\"><strong>Lista de Espera do Cadastramento 2022<\/strong><\/a><\/p>\n<p>O processo permite a possibilidade de tentar vaga em locais ainda dispon\u00edveis ou com fila de espera menor, levando em considera\u00e7\u00e3o a regi\u00e3o onde moram e a possibilidade de acesso das fam\u00edlias.<\/p>\n<p>Os respons\u00e1veis pelos cadastrados interessados em participar do processo, devem comparecer \u00e0 sede da Secretaria de Educa\u00e7\u00e3o (SE), na Avenida Get\u00falio Vargas, 200, no Centro, portando carteira de identidade (original e c\u00f3pia) e certid\u00e3o de nascimento da crian\u00e7a (original e c\u00f3pia). Neste primeiro momento, como h\u00e1 uma procura maior, 50 senhas ser\u00e3o distribu\u00eddas no per\u00edodo da manh\u00e3, \u00e0s 8h, e outras 50 \u00e0 tarde, \u00e0s 14h. Somente receber\u00e3o senhas aqueles que estiverem com os documentos (original e c\u00f3pia) em m\u00e3os. S\u00e3o obrigat\u00f3rios o uso da m\u00e1scara e tamb\u00e9m a presen\u00e7a de apenas uma pessoa respons\u00e1vel.<\/p>\n<p><strong>Outras informa\u00e7\u00f5es:\u00a0<\/strong>(32) 3690-7721.<\/p>\n","protected":false},"excerpt":{"rendered":"<p>Segundo informa\u00e7\u00f5es do site da Prefeitura de Juiz de Fora, a Secretaria de Educa\u00e7\u00e3o inicia na pr\u00f3xima segunda-feira, 14, o per\u00edodo de transfer\u00eancia de vagas entre creches parceiras da Prefeitura de Juiz de Fora (PJF), para crian\u00e7as inscritas no processo de &#8220;Cadastramento para Creches 2022\u201d, ocorrido entre os dias 4 de outubro de 2021 a [&hellip;]<\/p>\n","protected":false},"author":246,"featured_media":194700,"comment_status":"closed","ping_status":"closed","sticky":false,"template":"","format":"standard","meta":{"footnotes":""},"categories":[253,436,439],"tags":[],"class_list":["post-194699","post","type-post","status-publish","format-standard","has-post-thumbnail","hentry","category-cidade","category-destaque-da-semana","category-ultima-hora"],"_links":{"self":[{"href":"https:\/\/diarioregionaldigital.com.br\/index.php?rest_route=\/wp\/v2\/posts\/194699","targetHints":{"allow":["GET"]}}],"collection":[{"href":"https:\/\/diarioregionaldigital.com.br\/index.php?rest_route=\/wp\/v2\/posts"}],"about":[{"href":"https:\/\/diarioregionaldigital.com.br\/index.php?rest_route=\/wp\/v2\/types\/post"}],"author":[{"embeddable":true,"href":"https:\/\/diarioregionaldigital.com.br\/index.php?rest_route=\/wp\/v2\/users\/246"}],"replies":[{"embeddable":true,"href":"https:\/\/diarioregionaldigital.com.br\/index.php?rest_route=%2Fwp%2Fv2%2Fcomments&post=194699"}],"version-history":[{"count":1,"href":"https:\/\/diarioregionaldigital.com.br\/index.php?rest_route=\/wp\/v2\/posts\/194699\/revisions"}],"predecessor-version":[{"id":194701,"href":"https:\/\/diarioregionaldigital.com.br\/index.php?rest_route=\/wp\/v2\/posts\/194699\/revisions\/194701"}],"wp:featuredmedia":[{"embeddable":true,"href":"https:\/\/diarioregionaldigital.com.br\/index.php?rest_route=\/wp\/v2\/media\/194700"}],"wp:attachment":[{"href":"https:\/\/diarioregionaldigital.com.br\/index.php?rest_route=%2Fwp%2Fv2%2Fmedia&parent=194699"}],"wp:term":[{"taxonomy":"category","embeddable":true,"href":"https:\/\/diarioregionaldigital.com.br\/index.php?rest_route=%2Fwp%2Fv2%2Fcategories&post=194699"},{"taxonomy":"post_tag","embeddable":true,"href":"https:\/\/diarioregionaldigital.com.br\/index.php?rest_route=%2Fwp%2Fv2%2Ftags&post=194699"}],"curies":[{"name":"wp","href":"https:\/\/api.w.org\/{rel}","templated":true}]}}