{"id":194696,"date":"2022-02-07T15:48:52","date_gmt":"2022-02-07T18:48:52","guid":{"rendered":"https:\/\/diarioregionaldigital.com.br\/?p=194696"},"modified":"2022-02-07T15:48:52","modified_gmt":"2022-02-07T18:48:52","slug":"vacinacao-contra-covid-19-continua-nesta-terca-feira-8","status":"publish","type":"post","link":"https:\/\/diarioregionaldigital.com.br\/?p=194696","title":{"rendered":"Vacina\u00e7\u00e3o contra Covid-19 continua nesta ter\u00e7a-feira, 8"},"content":{"rendered":"<p>Segundo informa\u00e7\u00f5es do site da Prefeitura de Juiz de Fora, a campanha de imuniza\u00e7\u00e3o contra a Covid-19 da Secretaria de Sa\u00fade (SS) da Prefeitura de Juiz de Fora (PJF) continua com a vacina\u00e7\u00e3o nas Unidades B\u00e1sicas de Sa\u00fade (UBSs) espalhadas pelo munic\u00edpio. O Espa\u00e7o Cidade continua aplicando normalmente, bem como a Escola Municipal Tancredo Neves, no bairro S\u00e3o Pedro.<\/p>\n<p>O esquema de vacina\u00e7\u00e3o mant\u00e9m a mesma l\u00f3gica, na parte da manh\u00e3, para as crian\u00e7as, e no per\u00edodo da tarde, de 13h \u00e0s 16h (com exce\u00e7\u00e3o das quintas-feiras &#8211; 13h \u00e0s 15h), para os adultos.\u00a0 As pessoas podem ir at\u00e9 a E. M. Tancredo Neves, e nas Unidades B\u00e1sicas de Sa\u00fade (UBSs), de 8h \u00e0s 10h30 (<strong>para as crian\u00e7as<\/strong>) e de 13h \u00e0s 16h\u00a0<strong>(para os adultos<\/strong>). O Espa\u00e7o Cidade aplica das 8h \u00e0s 11h para crian\u00e7as, e para adultos das 13h \u00e0s 19h.<\/p>\n<p>A Secretaria de Sa\u00fade (SS) da Prefeitura de Juiz de Fora (PJF) destaca a import\u00e2ncia do recebimento da vacina de refor\u00e7o e pede para que todos aqueles que\u00a0<strong>receberam a 2\u00aa dose h\u00e1 pelo menos quatro meses<\/strong>\u00a0procurem um posto de vacina\u00e7\u00e3o para aumentar sua prote\u00e7\u00e3o contra o v\u00edrus.<\/p>\n<p>As segundas doses dos imunizantes AstraZeneca, Coronavac, Janssen e Pfizer, al\u00e9m das vacinas de refor\u00e7o, s\u00e3o disponibilizadas de forma cont\u00ednua. A 2\u00aa dose da Janssen \u00e9 destinada a todas as pessoas que receberam a primeira dose desse imunizante em 20 de outubro ou antes. J\u00e1 o intervalo entre 1\u00aa e 2\u00aa aplica\u00e7\u00e3o da AstraZeneca \u00e9 de oito semanas; da Coronavac \u00e9 de 28 dias; e da Pfizer, de 21 dias. O intervalo da 2\u00aa dose para a aplica\u00e7\u00e3o da vacina de refor\u00e7o \u00e9 de quatro meses.<\/p>\n<p>A vacina\u00e7\u00e3o acontece no<a href=\"https:\/\/www.pjf.mg.gov.br\/noticias\/view.php?modo=link2&amp;idnoticia2=73752\" target=\"_blank\" rel=\"noopener\"><strong>\u00a0Espa\u00e7o Cidade, no novo hor\u00e1rio das 13h \u00e0s 19h<\/strong><\/a>; na Escola Municipal Tancredo Neves, nas outras unidades e no DSI, local em que a imuniza\u00e7\u00e3o \u00e9 exclusiva para o p\u00fablico de 60 anos ou mais, das 8h \u00e0s 11h.\u00a0<strong>A lista com todos os endere\u00e7os e hor\u00e1rios de funcionamento dos locais de vacina\u00e7\u00e3o destinados a cada um dos p\u00fablicos est\u00e1 dispon\u00edvel no fim deste texto.<\/strong><\/p>\n<p>&nbsp;<\/p>\n<p><strong>Segundas doses (adultos)<\/strong><\/p>\n<p>&nbsp;<\/p>\n<p><strong>AstraZeneca<\/strong>\u00a0&#8211; A aplica\u00e7\u00e3o da segunda dose de AstraZeneca segue a data descrita no cart\u00e3o de vacina. Portanto, recebem a D2 todos aqueles com retorno agendado para o dia 8 de fevereiro ou data anterior. O Espa\u00e7o Cidade, das 13h \u00e0s 19h, aplica esses imunizantes.<\/p>\n<p><strong>Coronavac<\/strong>\u00a0&#8211; A aplica\u00e7\u00e3o da segunda dose do imunizante Coronavac segue a data descrita no cart\u00e3o de vacina. Nesta sexta, recebem a D2 todos aqueles com retorno agendado para o dia 8 de fevereiro ou data anterior, exclusivamente no Espa\u00e7o Cidade, das 13h \u00e0s 19h.<\/p>\n<p><strong>Janssen &#8211;<\/strong>\u00a0As segundas doses do imunizante Janssen s\u00e3o destinadas \u00e0s pessoas que receberam a primeira dose desta vacina no dia 20 de outubro ou data anterior e s\u00e3o aplicadas no Espa\u00e7o Cidade, das 13h \u00e0s 19h.<\/p>\n<p><strong>Pfizer<\/strong>\u00a0&#8211; Quem recebeu a primeira dose da Pfizer no dia 18 de janeiro ou antes pode procurar um dos postos de imuniza\u00e7\u00e3o para receber a segunda. A Escola Municipal Tancredo Neves, das 13h \u00e0s 16h, disponibilizam as vacinas para adultos, al\u00e9m do Espa\u00e7o de Cidade das 13h \u00e0s 19h e das UBSs, das 13h \u00e0s 16h.<\/p>\n<p>&nbsp;<\/p>\n<p><strong>Doses de refor\u00e7o (adultos)<\/strong><\/p>\n<p>&nbsp;<\/p>\n<p>As doses de refor\u00e7o s\u00e3o destinadas \u00e0s pessoas a partir de 18 anos que receberam a segunda\u00a0<strong>h\u00e1 quatro meses ou mais\u00a0<\/strong>e s\u00e3o aplicadas nas UBSs e na Escola Municipal Tancredo Neves, das 13h \u00e0s 16h; e no Espa\u00e7o Cidade, das 13h \u00e0s 19h. Os idosos a partir de 60 anos, que v\u00e3o receber primeira, segunda dose ou vacina de refor\u00e7o, al\u00e9m destes locais, podem ser vacinados no DSI, das 8h \u00e0s 11h.\u00a0<strong>Os imunossuprimidos<\/strong>, que receberam a D2 h\u00e1 pelo menos 28 dias, tamb\u00e9m devem receber a dose de refor\u00e7o, e a quarta dose deve ser aplicada para este p\u00fablico quatro meses ap\u00f3s a D3. Este p\u00fablico pode ser vacinado no Espa\u00e7o Cidade,\u00a0 nas unidades de sa\u00fade, e na E. M. Tancredo Neves.<\/p>\n<p>As pessoas que v\u00e3o receber a primeira dose devem apresentar originais e c\u00f3pias de documento de identifica\u00e7\u00e3o com foto (como documento de identidade (RG) ou carteira de motorista) e o CPF, caso o n\u00famero do mesmo n\u00e3o conste na identidade, al\u00e9m da ficha de vacina\u00e7\u00e3o impressa e preenchida. Os pr\u00e9-adolescentes e adolescentes que n\u00e3o tiverem o documento de identidade, podem apresentar a certid\u00e3o de nascimento.<\/p>\n<p>As pessoas que v\u00e3o receber a D2 ou a dose de refor\u00e7o precisam apresentar apenas a ficha de vacina\u00e7\u00e3o, o cart\u00e3o de vacina e um documento de identifica\u00e7\u00e3o com foto, enquanto os imunossuprimidos, al\u00e9m destes documentos, devem apresentar um laudo ou atestado m\u00e9dico datado de, no m\u00e1ximo, 12 meses, comprovando a condi\u00e7\u00e3o. Este p\u00fablico pode buscar pela dose de refor\u00e7o a partir de 28 dias do recebimento da 2\u00aa dose. N\u00e3o \u00e9 necess\u00e1ria a apresenta\u00e7\u00e3o de comprovante de resid\u00eancia.<\/p>\n<p>Refor\u00e7amos o pedido para todos que v\u00e3o ser vacinados levarem, impressa e preenchida, a Ficha de Vacina\u00e7\u00e3o, cujo modelo est\u00e1 dispon\u00edvel no\u00a0<a href=\"https:\/\/covid19.pjf.mg.gov.br\/arquivos\/formulario_para_vacinacao.pdf\" target=\"_blank\" rel=\"noopener\"><strong>site da PJF<\/strong><\/a>, isso facilita no momento da triagem e agiliza o processo de vacina\u00e7\u00e3o.<\/p>\n<p>&nbsp;<\/p>\n<p><strong>Para as crian\u00e7as<\/strong><\/p>\n<p>&nbsp;<\/p>\n<p>Todas as crian\u00e7as com 5 anos ou mais que n\u00e3o receberam a primeira dose contra o coronav\u00edrus podem ir at\u00e9 uma das UBSs espalhadas pela cidade, de 8h \u00e0s 10h30, tanto para aplica\u00e7\u00e3o contra a Covid-19, quanto para as vacinas de rotina.<\/p>\n<p>O intervalo entre a primeira e segunda aplica\u00e7\u00e3o da Covid-19, inicialmente, ser\u00e1 de oito semanas, com a Pfizer e de 28 dias com a Coronovac.\u00a0<strong>A SS refor\u00e7a o pedido para os pais\/respons\u00e1veis levarem impresso a ficha de vacina\u00e7\u00e3o, que est\u00e1 dispon\u00edvel no site da PJF.<\/strong><\/p>\n<p>Seguindo recomenda\u00e7\u00f5es dos \u00f3rg\u00e3os competentes, as crian\u00e7as que forem se vacinar contra a Covid-19 n\u00e3o podem ter recebido outra vacina nos \u00faltimos 15 dias e n\u00e3o dever\u00e3o receber outro imunizante nos 15 dias posteriores ao recebimento da primeira dose da vacina Pfizer infantil contra o coronav\u00edrus.\u00a0 Al\u00e9m disso, \u00e9 necess\u00e1rio que a crian\u00e7a fique de 5 a 20 minutos no local ap\u00f3s a vacina\u00e7\u00e3o, para ser observado casos de poss\u00edveis rea\u00e7\u00f5es.<\/p>\n<p>&nbsp;<\/p>\n<p><strong>Confira o calend\u00e1rio de vacina\u00e7\u00e3o contra a Covid-19 de ter\u00e7a-feira, 8 de fevereiro:<\/strong><\/p>\n<p>&nbsp;<\/p>\n<p><strong>Primeiras doses de todas as crian\u00e7as entre 5 e 11 anos\u00a0<\/strong><\/p>\n<p>UBSs, de 8h \u00e0s 10h30; Escola Municipal Tancredo Neves, das 8h \u00e0s 10h30; Espa\u00e7o Cidade, de 8h \u00e0s 11h.<\/p>\n<p>&nbsp;<\/p>\n<p><strong>Primeiras doses de todas as pessoas com 12 anos ou mais<\/strong><\/p>\n<p>Espa\u00e7o Cidade, das 13h \u00e0s 19h; nas unidades, de 13h \u00e0s 16h,\u00a0 e Escola Municipal Tancredo Neves, das 13h \u00e0s 16h.<\/p>\n<p>&nbsp;<\/p>\n<p><strong>Vacina\u00e7\u00e3o de refor\u00e7o para idosos com 60 anos ou mais que receberam a segunda dose h\u00e1 4 meses (8 de outubro) ou antes<\/strong><\/p>\n<p>Espa\u00e7o Cidade, das 13h \u00e0s 19h; unidades de 13h \u00e0s 16h; Escola Municipal Tancredo Neves, das 13h \u00e0s 16h; e no DSI, das 8h \u00e0s 11h.<\/p>\n<p>&nbsp;<\/p>\n<p><strong>Vacina\u00e7\u00e3o de refor\u00e7o para pessoas com 18 anos ou mais que receberam a segunda dose h\u00e1 4 meses (8 de outubro) ou antes<\/strong><\/p>\n<p>Espa\u00e7o Cidade, das 13h \u00e0s 19h\u00a0 e em outras unidades, de 13h \u00e0s 16h, e Escola Municipal Tancredo Neves, das 13h \u00e0s 16h.<\/p>\n<p>&nbsp;<\/p>\n<p><strong>Vacina\u00e7\u00e3o de refor\u00e7o para imunossuprimidos que receberam a segunda dose h\u00e1 pelo menos 28 dias<\/strong><\/p>\n<p>Espa\u00e7o Cidade, das 13h \u00e0s 19h; e nas UBSs, de 13h \u00e0s 16h; Escola Municipal Tancredo Neves, das 13h \u00e0s 16h.<\/p>\n<p>&nbsp;<\/p>\n<p><strong>Segundas doses de AstraZeneca para as pessoas com retorno no agendado no cart\u00e3o para o dia 8 de fevereiro ou em data anterior<\/strong><\/p>\n<p>Espa\u00e7o Cidade, das 13h \u00e0s 19h.<\/p>\n<p>&nbsp;<\/p>\n<p><strong>Segundas doses de Coronavac para pessoas com retorno agendado no cart\u00e3o no dia 8 de fevereiro ou data anterior<\/strong><\/p>\n<p>Espa\u00e7o Cidade, das 13h \u00e0s 19h.<\/p>\n<p>&nbsp;<\/p>\n<p><strong>Segundas doses de Janssen para todas as pessoas que foram vacinadas no dia 20 de outubro ou antes<\/strong><\/p>\n<p>Espa\u00e7o Cidade, das 13h \u00e0s 19h.<\/p>\n<p>&nbsp;<\/p>\n<p><strong>Segundas doses de Pfizer para todos que receberam a primeira dose at\u00e9 o dia 18 de janeiro ou data anterior<\/strong><\/p>\n<p>Espa\u00e7o Cidade, das 13h \u00e0s 19h, UBSs de 13h \u00e0s 16h, e Escola Municipal Tancredo Neves, das 13h \u00e0s 16h.<\/p>\n<p>&nbsp;<\/p>\n<p><strong>Endere\u00e7os dos locais de vacina\u00e7\u00e3o<\/strong><\/p>\n<p>&nbsp;<\/p>\n<p><strong>Departamento de Sa\u00fade do Idoso (DSI)*\u00a0<\/strong>&#8211; das 8h \u00e0s 11h<\/p>\n<p>Rua Batista de Oliveira, 943, Granbery.<\/p>\n<p>*O\u00a0<strong>Departamento de Sa\u00fade do Idoso\u00a0<\/strong>realiza a vacina\u00e7\u00e3o dos idosos a partir de 60 anos que tenham que receber primeira, segunda dose ou a vacina de refor\u00e7o.<\/p>\n<p><strong>Espa\u00e7o Cidade, de 8h \u00e0s 11h (crian\u00e7as) e de 13h \u00e0s 19h (adultos)<\/strong><\/p>\n<p>Av. Bar\u00e3o do Rio Branco, 2234.<\/p>\n<p><strong>Escola Municipal Tancredo Neves de 8h \u00e0s 10h30 (crian\u00e7as)- 13h \u00e0s 16h (adultos)<\/strong><\/p>\n<p>Rua Jos\u00e9 Louren\u00e7o Kelmer, 1433 &#8211; S\u00e3o Pedro<\/p>\n<p>&nbsp;<\/p>\n<p><strong>UBSs que vacinam\u00a0 crian\u00e7as durante a manh\u00e3, 8h \u00e0s 10h30\u00a0\u00a0<\/strong><\/p>\n<p>&nbsp;<\/p>\n<p>1. UBS Santa Cec\u00edlia<\/p>\n<p>2. UBS Industrial<\/p>\n<p>3. UBS Joquei Clube I<\/p>\n<p>4. UBS Joquei Clube 2<\/p>\n<p>5. UBS Centro Sul<\/p>\n<p>6. UBS Monte Castelo<\/p>\n<p>7. UBS Dom Bosco<\/p>\n<p>8. UBS Alto Graja\u00fa<\/p>\n<p>9. UBS Barreira do Triunfo<\/p>\n<p>10. UBS Parque Guarani<\/p>\n<p>11. UBS Vila Esperan\u00e7a<\/p>\n<p>12. UBS Vale Verde<\/p>\n<p>13. UBS Santa Rita<\/p>\n<p>14. UBS Marumbi<\/p>\n<p>15. UBS S\u00e3o Sebasti\u00e3o<\/p>\n<p>16. UBS Santo Ant\u00f4nio<\/p>\n<p>17. UBS Granjas Beth\u00e2nia<\/p>\n<p>18. UBS Filgueiras<\/p>\n<p>19. UBS Grama<\/p>\n<p>20. UBS Esplanada<\/p>\n<p>21. UBS Ipiranga<\/p>\n<p>22. UBS Cidade do Sol<\/p>\n<p>23. UBS Vila Ideal<\/p>\n<p>24. UBS Jardim da Lua<\/p>\n<p>25. UBS Santos Dumont<\/p>\n<p>26. UBS Humait\u00e1<\/p>\n<p>27. UBS Furtado de Menezes<\/p>\n<p>28. UBS Bandeirantes<\/p>\n<p>29. UBS Nossa Senhora das Gra\u00e7as<\/p>\n<p>30. UBS Nossa Senhora de Lourdes<\/p>\n<p>31. UBS Nossa Senhora Aparecida<\/p>\n<p>32. UBS Teixeiras<\/p>\n<p>33. UBS Milho Branco<\/p>\n<p>34. UBS Nova Era<\/p>\n<p>35. S\u00e3o Pedro\/E.M Tancredo Neves<\/p>\n<p>36. UBS Progresso<\/p>\n<p>&nbsp;<\/p>\n<p><strong>UBSs que vacinam adultos de 13h \u00e0s 16h:\u00a0<\/strong><\/p>\n<p>&nbsp;<\/p>\n<p>1. UBS Santa Cec\u00edlia<\/p>\n<p>2. UBS Industrial<\/p>\n<p>3. UBS Joquei Clube I<\/p>\n<p>4. UBS Joquei Clube 2<\/p>\n<p>5. UBS Centro Sul<\/p>\n<p>6. UBS Monte Castelo<\/p>\n<p>7. UBS Dom Bosco<\/p>\n<p>8. UBS Santa Cruz<\/p>\n<p>9. UBS Alto Graja\u00fa<\/p>\n<p>10. UBS Barreira do Triunfo<\/p>\n<p>11. UBS Parque Guarani<\/p>\n<p>&nbsp;<\/p>\n<p>12. UBS Vila Esperan\u00e7a<\/p>\n<p>13. UBS Vale Verde<\/p>\n<p>14. UBS Santa Rita<\/p>\n<p>15. UBS Marumbi<\/p>\n<p>16. UBS S\u00e3o Sebasti\u00e3o<\/p>\n<p>&nbsp;<\/p>\n<p>17. UBS Santo Ant\u00f4nio<\/p>\n<p>18. UBS Granjas Beth\u00e2nia<\/p>\n<p>19. UBS Filgueiras<\/p>\n<p>20. UBS Grama<\/p>\n<p>21. UBS Esplanada<\/p>\n<p>22. UBS S\u00e3o Judas Tadeu<\/p>\n<p>23. Ubs Jardim Esperan\u00e7a<\/p>\n<p>24. UBS Cidade do Sol<\/p>\n<p>25. UBS Vila Ideal<\/p>\n<p>26. UBS Jardim da Lua<\/p>\n<p>27. UBS Santos Dumont<\/p>\n<p>28. UBS Humait\u00e1<\/p>\n<p>&nbsp;<\/p>\n<p>29. UBS Furtado de Menezes<\/p>\n<p>30. UBS Bandeirantes<\/p>\n<p>31. UBS Nossa Senhora das Gra\u00e7as<\/p>\n<p>32. UBS Nossa Senhora de Lourdes<\/p>\n<p>33. UBS Nossa Senhora Aparecida<\/p>\n<p>34. UBS Teixeiras<\/p>\n<p>35. UBS Milho Branco<\/p>\n<p>36. UBS Nova Era<\/p>\n<p>37. S\u00e3o Pedro\/E. M. Tancredo Neves<\/p>\n<p>38. UBS Progresso<\/p>\n","protected":false},"excerpt":{"rendered":"<p>Segundo informa\u00e7\u00f5es do site da Prefeitura de Juiz de Fora, a campanha de imuniza\u00e7\u00e3o contra a Covid-19 da Secretaria de Sa\u00fade (SS) da Prefeitura de Juiz de Fora (PJF) continua com a vacina\u00e7\u00e3o nas Unidades B\u00e1sicas de Sa\u00fade (UBSs) espalhadas pelo munic\u00edpio. O Espa\u00e7o Cidade continua aplicando normalmente, bem como a Escola Municipal Tancredo Neves, [&hellip;]<\/p>\n","protected":false},"author":246,"featured_media":194697,"comment_status":"closed","ping_status":"closed","sticky":false,"template":"","format":"standard","meta":{"footnotes":""},"categories":[253,436,440,439],"tags":[],"class_list":["post-194696","post","type-post","status-publish","format-standard","has-post-thumbnail","hentry","category-cidade","category-destaque-da-semana","category-destaques-do-dia","category-ultima-hora"],"_links":{"self":[{"href":"https:\/\/diarioregionaldigital.com.br\/index.php?rest_route=\/wp\/v2\/posts\/194696","targetHints":{"allow":["GET"]}}],"collection":[{"href":"https:\/\/diarioregionaldigital.com.br\/index.php?rest_route=\/wp\/v2\/posts"}],"about":[{"href":"https:\/\/diarioregionaldigital.com.br\/index.php?rest_route=\/wp\/v2\/types\/post"}],"author":[{"embeddable":true,"href":"https:\/\/diarioregionaldigital.com.br\/index.php?rest_route=\/wp\/v2\/users\/246"}],"replies":[{"embeddable":true,"href":"https:\/\/diarioregionaldigital.com.br\/index.php?rest_route=%2Fwp%2Fv2%2Fcomments&post=194696"}],"version-history":[{"count":1,"href":"https:\/\/diarioregionaldigital.com.br\/index.php?rest_route=\/wp\/v2\/posts\/194696\/revisions"}],"predecessor-version":[{"id":194698,"href":"https:\/\/diarioregionaldigital.com.br\/index.php?rest_route=\/wp\/v2\/posts\/194696\/revisions\/194698"}],"wp:featuredmedia":[{"embeddable":true,"href":"https:\/\/diarioregionaldigital.com.br\/index.php?rest_route=\/wp\/v2\/media\/194697"}],"wp:attachment":[{"href":"https:\/\/diarioregionaldigital.com.br\/index.php?rest_route=%2Fwp%2Fv2%2Fmedia&parent=194696"}],"wp:term":[{"taxonomy":"category","embeddable":true,"href":"https:\/\/diarioregionaldigital.com.br\/index.php?rest_route=%2Fwp%2Fv2%2Fcategories&post=194696"},{"taxonomy":"post_tag","embeddable":true,"href":"https:\/\/diarioregionaldigital.com.br\/index.php?rest_route=%2Fwp%2Fv2%2Ftags&post=194696"}],"curies":[{"name":"wp","href":"https:\/\/api.w.org\/{rel}","templated":true}]}}