{"id":194693,"date":"2022-02-07T15:40:09","date_gmt":"2022-02-07T18:40:09","guid":{"rendered":"https:\/\/diarioregionaldigital.com.br\/?p=194693"},"modified":"2022-02-07T15:40:09","modified_gmt":"2022-02-07T18:40:09","slug":"senegal-conquista-titulo-da-copa-africana-de-nacoes","status":"publish","type":"post","link":"https:\/\/diarioregionaldigital.com.br\/?p=194693","title":{"rendered":"Senegal conquista t\u00edtulo da Copa Africana de Na\u00e7\u00f5es"},"content":{"rendered":"<p>O duelo entre estrelas do Liverpool na decis\u00e3o da Copa Africana de Na\u00e7\u00f5es terminou melhor para o senegal\u00eas Sadio Man\u00e9, que foi decisivo na vit\u00f3ria por 4 a 2, na disputa de p\u00eanaltis, sobre o Egito de Mohamed Salah, neste domingo (6) no est\u00e1dio Olembe, em Yaound\u00e9 (Camar\u00f5es).<img decoding=\"async\" src=\"https:\/\/agenciabrasil.ebc.com.br\/ebc.png?id=1440736&amp;o=node\" \/><img decoding=\"async\" src=\"https:\/\/agenciabrasil.ebc.com.br\/ebc.gif?id=1440736&amp;o=node\" \/><\/p>\n<p>Por\u00e9m, Man\u00e9 n\u00e3o come\u00e7ou bem a final, pois desperdi\u00e7ou uma cobran\u00e7a de p\u00eanalti logo aos 7 minutos de partida. Depois, o placar permaneceu inalterado no restante do tempo regulamentar e na prorroga\u00e7\u00e3o.<\/p>\n<p>Na disputa de p\u00eanaltis, Senegal contou com a \u00f3tima atua\u00e7\u00e3o do goleiro Mendy, do Chelsea, que defendeu duas cobran\u00e7as. E coube a Man\u00e9 cobrar o p\u00eanalti que confirmou o primeiro t\u00edtulo da Copa Africana de Na\u00e7\u00f5es do seu pa\u00eds.<\/p>\n<p>Fonte: Ag\u00eancia Brasil<\/p>\n","protected":false},"excerpt":{"rendered":"<p>O duelo entre estrelas do Liverpool na decis\u00e3o da Copa Africana de Na\u00e7\u00f5es terminou melhor para o senegal\u00eas Sadio Man\u00e9, que foi decisivo na vit\u00f3ria por 4 a 2, na disputa de p\u00eanaltis, sobre o Egito de Mohamed Salah, neste domingo (6) no est\u00e1dio Olembe, em Yaound\u00e9 (Camar\u00f5es). Por\u00e9m, Man\u00e9 n\u00e3o come\u00e7ou bem a final, [&hellip;]<\/p>\n","protected":false},"author":246,"featured_media":194694,"comment_status":"closed","ping_status":"closed","sticky":false,"template":"","format":"standard","meta":{"footnotes":""},"categories":[436,257,439],"tags":[],"class_list":["post-194693","post","type-post","status-publish","format-standard","has-post-thumbnail","hentry","category-destaque-da-semana","category-esporte","category-ultima-hora"],"_links":{"self":[{"href":"https:\/\/diarioregionaldigital.com.br\/index.php?rest_route=\/wp\/v2\/posts\/194693","targetHints":{"allow":["GET"]}}],"collection":[{"href":"https:\/\/diarioregionaldigital.com.br\/index.php?rest_route=\/wp\/v2\/posts"}],"about":[{"href":"https:\/\/diarioregionaldigital.com.br\/index.php?rest_route=\/wp\/v2\/types\/post"}],"author":[{"embeddable":true,"href":"https:\/\/diarioregionaldigital.com.br\/index.php?rest_route=\/wp\/v2\/users\/246"}],"replies":[{"embeddable":true,"href":"https:\/\/diarioregionaldigital.com.br\/index.php?rest_route=%2Fwp%2Fv2%2Fcomments&post=194693"}],"version-history":[{"count":1,"href":"https:\/\/diarioregionaldigital.com.br\/index.php?rest_route=\/wp\/v2\/posts\/194693\/revisions"}],"predecessor-version":[{"id":194695,"href":"https:\/\/diarioregionaldigital.com.br\/index.php?rest_route=\/wp\/v2\/posts\/194693\/revisions\/194695"}],"wp:featuredmedia":[{"embeddable":true,"href":"https:\/\/diarioregionaldigital.com.br\/index.php?rest_route=\/wp\/v2\/media\/194694"}],"wp:attachment":[{"href":"https:\/\/diarioregionaldigital.com.br\/index.php?rest_route=%2Fwp%2Fv2%2Fmedia&parent=194693"}],"wp:term":[{"taxonomy":"category","embeddable":true,"href":"https:\/\/diarioregionaldigital.com.br\/index.php?rest_route=%2Fwp%2Fv2%2Fcategories&post=194693"},{"taxonomy":"post_tag","embeddable":true,"href":"https:\/\/diarioregionaldigital.com.br\/index.php?rest_route=%2Fwp%2Fv2%2Ftags&post=194693"}],"curies":[{"name":"wp","href":"https:\/\/api.w.org\/{rel}","templated":true}]}}