{"id":194690,"date":"2022-02-07T15:37:20","date_gmt":"2022-02-07T18:37:20","guid":{"rendered":"https:\/\/diarioregionaldigital.com.br\/?p=194690"},"modified":"2022-02-07T15:37:20","modified_gmt":"2022-02-07T18:37:20","slug":"marcelo-cabo-pede-demissao-do-atletico-go-apos-4-rodadas-do-estadual","status":"publish","type":"post","link":"https:\/\/diarioregionaldigital.com.br\/?p=194690","title":{"rendered":"Marcelo Cabo pede demiss\u00e3o do Atl\u00e9tico-GO ap\u00f3s 4 rodadas do Estadual"},"content":{"rendered":"<p>Marcelo Cabo n\u00e3o \u00e9 mais treinador do Atl\u00e9tico-GO. Na manh\u00e3 desta segunda-feira (7), o t\u00e9cnico pediu demiss\u00e3o do clube, em postagem nas redes sociais e foi atendido pela diretoria, em nota publicada no in\u00edcio desta tarde. O desligamento ocorre ap\u00f3s a segunda derrota seguida o Drag\u00e3o no Campeonato Goiano, a mais recente no \u00faltimo s\u00e1bado (5), por 3 a 2, no cl\u00e1ssico contra o Vila Nova.<\/p>\n<p>\u201cQuero agradecer a todos os profissionais com quem tive a honra de trabalhar, ao grupo de jogadores e aos torcedores que, em todos os momentos, sempre apoiaram e colaboraram em minhas passagens pelo Drag\u00e3o. Desejo \u00f3tima sorte a todos a todos&#8221;, disse o treinador carioca, de 56 anos, em mensagem no Instagram.<\/p>\n<p>O treinador carioca iniciou sua terceira passagem pelo Atl\u00e9tico-GO em novembro do ano passado: em oito jogos pelo Campeonato Brasileiro, venceu quatro e empatou outros quatro, o suficiente para garantir a nona posi\u00e7\u00e3o na classifica\u00e7\u00e3o geral, que garantiu ao Drag\u00e3o um vaga na Copa Sul-Americana.<\/p>\n<p>No in\u00edcio da temporada 2022, foram apenas quatro rodadas na primeira fase do Estadual. Sob comando d Marcelo Cabo, o Drag\u00e3o estreou com vit\u00f3ria em casa, por 1 a 0, contra o Clube Recreativo e Atl\u00e9tico Catalano (Crac), e na sequ\u00eancia foi derrotado pelo mesmo placar pelo Ipor\u00e1, na casa do advers\u00e1rio.<\/p>\n<p>Em nota oficial, o Atl\u00e9tico-GO o trabalho desenvolvido pelo t\u00e9cnico e seu auxiliar Gabriel Cabo, e reiterou que o treinador &#8220;tem uma hist\u00f3ria vitoriosa no Atl\u00e9tico e se despede de maneira pac\u00edfica e harmoniosa&#8221;.<\/p>\n<p>Fonte: Ag\u00eancia Brasil<\/p>\n","protected":false},"excerpt":{"rendered":"<p>Marcelo Cabo n\u00e3o \u00e9 mais treinador do Atl\u00e9tico-GO. Na manh\u00e3 desta segunda-feira (7), o t\u00e9cnico pediu demiss\u00e3o do clube, em postagem nas redes sociais e foi atendido pela diretoria, em nota publicada no in\u00edcio desta tarde. O desligamento ocorre ap\u00f3s a segunda derrota seguida o Drag\u00e3o no Campeonato Goiano, a mais recente no \u00faltimo s\u00e1bado [&hellip;]<\/p>\n","protected":false},"author":246,"featured_media":194691,"comment_status":"closed","ping_status":"closed","sticky":false,"template":"","format":"standard","meta":{"footnotes":""},"categories":[436,257,439],"tags":[],"class_list":["post-194690","post","type-post","status-publish","format-standard","has-post-thumbnail","hentry","category-destaque-da-semana","category-esporte","category-ultima-hora"],"_links":{"self":[{"href":"https:\/\/diarioregionaldigital.com.br\/index.php?rest_route=\/wp\/v2\/posts\/194690","targetHints":{"allow":["GET"]}}],"collection":[{"href":"https:\/\/diarioregionaldigital.com.br\/index.php?rest_route=\/wp\/v2\/posts"}],"about":[{"href":"https:\/\/diarioregionaldigital.com.br\/index.php?rest_route=\/wp\/v2\/types\/post"}],"author":[{"embeddable":true,"href":"https:\/\/diarioregionaldigital.com.br\/index.php?rest_route=\/wp\/v2\/users\/246"}],"replies":[{"embeddable":true,"href":"https:\/\/diarioregionaldigital.com.br\/index.php?rest_route=%2Fwp%2Fv2%2Fcomments&post=194690"}],"version-history":[{"count":1,"href":"https:\/\/diarioregionaldigital.com.br\/index.php?rest_route=\/wp\/v2\/posts\/194690\/revisions"}],"predecessor-version":[{"id":194692,"href":"https:\/\/diarioregionaldigital.com.br\/index.php?rest_route=\/wp\/v2\/posts\/194690\/revisions\/194692"}],"wp:featuredmedia":[{"embeddable":true,"href":"https:\/\/diarioregionaldigital.com.br\/index.php?rest_route=\/wp\/v2\/media\/194691"}],"wp:attachment":[{"href":"https:\/\/diarioregionaldigital.com.br\/index.php?rest_route=%2Fwp%2Fv2%2Fmedia&parent=194690"}],"wp:term":[{"taxonomy":"category","embeddable":true,"href":"https:\/\/diarioregionaldigital.com.br\/index.php?rest_route=%2Fwp%2Fv2%2Fcategories&post=194690"},{"taxonomy":"post_tag","embeddable":true,"href":"https:\/\/diarioregionaldigital.com.br\/index.php?rest_route=%2Fwp%2Fv2%2Ftags&post=194690"}],"curies":[{"name":"wp","href":"https:\/\/api.w.org\/{rel}","templated":true}]}}