{"id":194684,"date":"2022-02-07T15:32:38","date_gmt":"2022-02-07T18:32:38","guid":{"rendered":"https:\/\/diarioregionaldigital.com.br\/?p=194684"},"modified":"2022-02-07T15:32:38","modified_gmt":"2022-02-07T18:32:38","slug":"fina-reve-decisao-e-confirma-mundial-de-esportes-aquaticos-neste-ano","status":"publish","type":"post","link":"https:\/\/diarioregionaldigital.com.br\/?p=194684","title":{"rendered":"Fina rev\u00ea decis\u00e3o e confirma Mundial de Esportes Aqu\u00e1ticos neste ano"},"content":{"rendered":"<p>A Federa\u00e7\u00e3o Internacional de Nata\u00e7\u00e3o (Fina) voltou atr\u00e1s na decis\u00e3o da semana passada e confirmou na manh\u00e3 desta segunda-feira (7) que haver\u00e1 sim Campeonato Mundial de Esportes Aqu\u00e1ticos. A competi\u00e7\u00e3o ocorrer\u00e1 de 18 de junho a 3 de julho em Budapeste (Hungria).\u00a0<img decoding=\"async\" src=\"https:\/\/agenciabrasil.ebc.com.br\/ebc.png?id=1440793&amp;o=node\" \/><img decoding=\"async\" src=\"https:\/\/agenciabrasil.ebc.com.br\/ebc.gif?id=1440793&amp;o=node\" \/><\/p>\n<p><a href=\"https:\/\/agenciabrasil.ebc.com.br\/esportes\/noticia\/2022-02\/covid-19-fina-adia-novamente-mundial-de-esportes-aquaticos-para-2023\">Na \u00faltima ter\u00e7a-feira (1) a entidade havia adiado o Mundial<\/a>\u00a0&#8211; previsto para maio deste ano, em Fukuoka (Jap\u00e3o) &#8211; para julho de 2023. De acordo com a Fina, a evolu\u00e7\u00e3o da pandemia de covid-19 de forma diferente em cada pa\u00eds foi um dos motivos para a entidade voltar atr\u00e1s e resolver realizar a competi\u00e7\u00e3o em 2022, como programara anteriormente.<\/p>\n<p>\u201cComo uma comunidade aqu\u00e1tica, estamos encontrando solu\u00e7\u00f5es em torno da pandemia e o an\u00fancio de hoje \u00e9 um passo importante nesse processo\u201d, disse Husain Al-Musallam, presidente da Fina, em nota publicada no site da Confedera\u00e7\u00e3o Brasileira de Esportes Aqu\u00e1ticos (CBDA). \u201cSabemos que precisamos ser criativos em nossa abordagem ao navegar pela atual crise de sa\u00fade para nossos atletas. O acordo de hoje \u00e9 um testemunho deste trabalho. A Fina tamb\u00e9m reconhece que a pandemia est\u00e1 evoluindo de maneira diferente de acordo com o tempo e o lugar. Somos extremamente afortunados por ter anfitri\u00f5es de eventos que compartilham nossa paix\u00e3o pelos esportes aqu\u00e1ticos e t\u00eam disposi\u00e7\u00e3o, capacidade e flexibilidade para organizar o evento mais prestigiado da Fina. Estamos profundamente gratos a todos os nossos anfitri\u00f5es e sabemos que os atletas aqu\u00e1ticos sentem o mesmo\u201d.<\/p>\n<p>Embora n\u00e3o tenha esclarecido se haver\u00e1 outras modifica\u00e7\u00f5es no calend\u00e1rio de competi\u00e7\u00f5es, a Fina afirmou que \u201ccontinua consultando atletas e partes interessadas sobre a programa\u00e7\u00e3o do Campeonato Mundial da FINA em Doha, Catar\u201d.<\/p>\n<p>Fonte: Ag\u00eancia Brasil<\/p>\n","protected":false},"excerpt":{"rendered":"<p>A Federa\u00e7\u00e3o Internacional de Nata\u00e7\u00e3o (Fina) voltou atr\u00e1s na decis\u00e3o da semana passada e confirmou na manh\u00e3 desta segunda-feira (7) que haver\u00e1 sim Campeonato Mundial de Esportes Aqu\u00e1ticos. A competi\u00e7\u00e3o ocorrer\u00e1 de 18 de junho a 3 de julho em Budapeste (Hungria).\u00a0 Na \u00faltima ter\u00e7a-feira (1) a entidade havia adiado o Mundial\u00a0&#8211; previsto para maio [&hellip;]<\/p>\n","protected":false},"author":246,"featured_media":194685,"comment_status":"closed","ping_status":"closed","sticky":false,"template":"","format":"standard","meta":{"footnotes":""},"categories":[436,440,257,439],"tags":[],"class_list":["post-194684","post","type-post","status-publish","format-standard","has-post-thumbnail","hentry","category-destaque-da-semana","category-destaques-do-dia","category-esporte","category-ultima-hora"],"_links":{"self":[{"href":"https:\/\/diarioregionaldigital.com.br\/index.php?rest_route=\/wp\/v2\/posts\/194684","targetHints":{"allow":["GET"]}}],"collection":[{"href":"https:\/\/diarioregionaldigital.com.br\/index.php?rest_route=\/wp\/v2\/posts"}],"about":[{"href":"https:\/\/diarioregionaldigital.com.br\/index.php?rest_route=\/wp\/v2\/types\/post"}],"author":[{"embeddable":true,"href":"https:\/\/diarioregionaldigital.com.br\/index.php?rest_route=\/wp\/v2\/users\/246"}],"replies":[{"embeddable":true,"href":"https:\/\/diarioregionaldigital.com.br\/index.php?rest_route=%2Fwp%2Fv2%2Fcomments&post=194684"}],"version-history":[{"count":1,"href":"https:\/\/diarioregionaldigital.com.br\/index.php?rest_route=\/wp\/v2\/posts\/194684\/revisions"}],"predecessor-version":[{"id":194686,"href":"https:\/\/diarioregionaldigital.com.br\/index.php?rest_route=\/wp\/v2\/posts\/194684\/revisions\/194686"}],"wp:featuredmedia":[{"embeddable":true,"href":"https:\/\/diarioregionaldigital.com.br\/index.php?rest_route=\/wp\/v2\/media\/194685"}],"wp:attachment":[{"href":"https:\/\/diarioregionaldigital.com.br\/index.php?rest_route=%2Fwp%2Fv2%2Fmedia&parent=194684"}],"wp:term":[{"taxonomy":"category","embeddable":true,"href":"https:\/\/diarioregionaldigital.com.br\/index.php?rest_route=%2Fwp%2Fv2%2Fcategories&post=194684"},{"taxonomy":"post_tag","embeddable":true,"href":"https:\/\/diarioregionaldigital.com.br\/index.php?rest_route=%2Fwp%2Fv2%2Ftags&post=194684"}],"curies":[{"name":"wp","href":"https:\/\/api.w.org\/{rel}","templated":true}]}}