{"id":194681,"date":"2022-02-07T15:24:03","date_gmt":"2022-02-07T18:24:03","guid":{"rendered":"https:\/\/diarioregionaldigital.com.br\/?p=194681"},"modified":"2022-02-07T15:24:03","modified_gmt":"2022-02-07T18:24:03","slug":"funed-abre-processo-seletivo-temporario","status":"publish","type":"post","link":"https:\/\/diarioregionaldigital.com.br\/?p=194681","title":{"rendered":"Funed abre processo seletivo tempor\u00e1rio"},"content":{"rendered":"<p>A\u00a0<a href=\"http:\/\/www.funed.mg.gov.br\/\" target=\"_blank\" rel=\"noopener\">Funda\u00e7\u00e3o Ezequiel Dias (Funed)<\/a>\u00a0abriu processo seletivo para contrata\u00e7\u00e3o de 16 profissionais. O Chamamento P\u00fablico Emergencial n\u00ba 01\/2022 abre vagas para as fun\u00e7\u00f5es de analista em laborat\u00f3rio (seis vagas), t\u00e9cnico em laborat\u00f3rio (nove vagas) e assistente administrativo (uma vaga). As inscri\u00e7\u00f5es v\u00e3o desta segunda-feira (7\/2) at\u00e9 a quarta-feira (9\/2), \u00e0s 18h. Os candidatos devem fazer inscri\u00e7\u00e3o por meio do formul\u00e1rio eletr\u00f4nico disponibilizado\u00a0<a href=\"http:\/\/www.funed.mg.gov.br\/2022\/02\/destaque-lateral\/chamamento-publico-emergencial-01-2022\/\" target=\"_blank\" rel=\"noopener\">neste link<\/a>.<\/p>\n<p>A chefe da Divis\u00e3o de Gest\u00e3o de Pessoas (DGP) da Funed, Mirela Torquato, refor\u00e7a a import\u00e2ncia do processo seletivo como forma de fortalecer as equipes que atuam diretamente no enfrentamento \u00e0 covid-19.<\/p>\n<p>\u201cO primeiro chamamento p\u00fablico da Funed ocorreu no in\u00edcio da pandemia, em mar\u00e7o de 2020. Com o fim da vig\u00eancia do estado de calamidade p\u00fablica em Minas Gerais, vimos a necessidade de ampliar a for\u00e7a de trabalho, principalmente neste momento em que h\u00e1 um aumento na demanda por exames decorrente da variante \u00d4micron\u201d, explica Mirela. Ela adianta que os selecionados j\u00e1 devem come\u00e7ar a atuar no in\u00edcio de mar\u00e7o.<\/p>\n<p><strong>Pr\u00e9-requisitos<\/strong><\/p>\n<p><u>Para a fun\u00e7\u00e3o de Analista em Laborat\u00f3rio (vaga Funed I):<\/u><br \/>\nconclus\u00e3o do curso de gradua\u00e7\u00e3o de n\u00edvel superior em Farm\u00e1cia\/Bioqu\u00edmica ou Biologia ou Biomedicina conclu\u00eddo em institui\u00e7\u00e3o de ensino reconhecida pelos sistemas federal ou estaduais de ensino e devidamente registrado no Conselho de Classe para atua\u00e7\u00e3o no Instituto Oct\u00e1vio Magalh\u00e3es \u2013 Lacen\/MG.<\/p>\n<p><u>Para a fun\u00e7\u00e3o de T\u00e9cnico em Laborat\u00f3rio (vagas Funed II e IV):<\/u><br \/>\nconclus\u00e3o do curso T\u00e9cnico em Patologia Cl\u00ednica ou An\u00e1lises Cl\u00ednicas ou Biotecnologia conclu\u00eddo em Institui\u00e7\u00e3o reconhecida pelos sistemas federal ou estaduais de ensino e devidamente registrado no Conselho de Classe para atua\u00e7\u00e3o no Instituto Oct\u00e1vio Magalh\u00e3es \u2013 Lacen\/MG.<\/p>\n<p><u>Para a fun\u00e7\u00e3o de Assistente Administrativo (vaga Funed III):<\/u><br \/>\ncomprova\u00e7\u00e3o de conclus\u00e3o de ensino m\u00e9dio completo, certificado por institui\u00e7\u00e3o de ensino reconhecida pelo sistema federal ou pelos sistemas estaduais ou municipais de ensino e tr\u00eas anos de experi\u00eancia em carteira assinada ou declara\u00e7\u00e3o profissional da empresa em rotinas administrativas para atua\u00e7\u00e3o no Instituto Oct\u00e1vio Magalh\u00e3es \u2013 Lacen\/MG.<\/p>\n<p><strong>Mais detalhes<\/strong><\/p>\n<p>A contrata\u00e7\u00e3o ser\u00e1 imediata e por tempo determinado de at\u00e9 seis meses, podendo ser prorrogada por mais 18 meses, a depender da situa\u00e7\u00e3o emergencial ou calamitosa causada pela covid-19.<\/p>\n<p>As remunera\u00e7\u00f5es variam entre R$ 1.427,73 e R$ 3.464,43 (vencimento b\u00e1sico), acrescidas de gratifica\u00e7\u00e3o e ajuda de custo.<\/p>\n<p><a href=\"http:\/\/www.funed.mg.gov.br\/2022\/02\/destaque-lateral\/chamamento-publico-emergencial-01-2022\/\" target=\"_blank\" rel=\"noopener\">Clique aqui<\/a>\u00a0para acessar o edital completo e link para preencher o formul\u00e1rio de inscri\u00e7\u00e3o e os documentos necess\u00e1rios para comprova\u00e7\u00e3o de atendimento aos pr\u00e9-requisitos.<\/p>\n<p>Fonte: Ag\u00eancia Minas<\/p>\n","protected":false},"excerpt":{"rendered":"<p>A\u00a0Funda\u00e7\u00e3o Ezequiel Dias (Funed)\u00a0abriu processo seletivo para contrata\u00e7\u00e3o de 16 profissionais. O Chamamento P\u00fablico Emergencial n\u00ba 01\/2022 abre vagas para as fun\u00e7\u00f5es de analista em laborat\u00f3rio (seis vagas), t\u00e9cnico em laborat\u00f3rio (nove vagas) e assistente administrativo (uma vaga). As inscri\u00e7\u00f5es v\u00e3o desta segunda-feira (7\/2) at\u00e9 a quarta-feira (9\/2), \u00e0s 18h. Os candidatos devem fazer inscri\u00e7\u00e3o [&hellip;]<\/p>\n","protected":false},"author":246,"featured_media":194682,"comment_status":"closed","ping_status":"closed","sticky":false,"template":"","format":"standard","meta":{"footnotes":""},"categories":[436,254,439],"tags":[],"class_list":["post-194681","post","type-post","status-publish","format-standard","has-post-thumbnail","hentry","category-destaque-da-semana","category-politica","category-ultima-hora"],"_links":{"self":[{"href":"https:\/\/diarioregionaldigital.com.br\/index.php?rest_route=\/wp\/v2\/posts\/194681","targetHints":{"allow":["GET"]}}],"collection":[{"href":"https:\/\/diarioregionaldigital.com.br\/index.php?rest_route=\/wp\/v2\/posts"}],"about":[{"href":"https:\/\/diarioregionaldigital.com.br\/index.php?rest_route=\/wp\/v2\/types\/post"}],"author":[{"embeddable":true,"href":"https:\/\/diarioregionaldigital.com.br\/index.php?rest_route=\/wp\/v2\/users\/246"}],"replies":[{"embeddable":true,"href":"https:\/\/diarioregionaldigital.com.br\/index.php?rest_route=%2Fwp%2Fv2%2Fcomments&post=194681"}],"version-history":[{"count":1,"href":"https:\/\/diarioregionaldigital.com.br\/index.php?rest_route=\/wp\/v2\/posts\/194681\/revisions"}],"predecessor-version":[{"id":194683,"href":"https:\/\/diarioregionaldigital.com.br\/index.php?rest_route=\/wp\/v2\/posts\/194681\/revisions\/194683"}],"wp:featuredmedia":[{"embeddable":true,"href":"https:\/\/diarioregionaldigital.com.br\/index.php?rest_route=\/wp\/v2\/media\/194682"}],"wp:attachment":[{"href":"https:\/\/diarioregionaldigital.com.br\/index.php?rest_route=%2Fwp%2Fv2%2Fmedia&parent=194681"}],"wp:term":[{"taxonomy":"category","embeddable":true,"href":"https:\/\/diarioregionaldigital.com.br\/index.php?rest_route=%2Fwp%2Fv2%2Fcategories&post=194681"},{"taxonomy":"post_tag","embeddable":true,"href":"https:\/\/diarioregionaldigital.com.br\/index.php?rest_route=%2Fwp%2Fv2%2Ftags&post=194681"}],"curies":[{"name":"wp","href":"https:\/\/api.w.org\/{rel}","templated":true}]}}