{"id":194678,"date":"2022-02-07T15:14:34","date_gmt":"2022-02-07T18:14:34","guid":{"rendered":"https:\/\/diarioregionaldigital.com.br\/?p=194678"},"modified":"2022-02-07T15:14:34","modified_gmt":"2022-02-07T18:14:34","slug":"consulta-vai-mapear-interessados-para-investimento-na-cadeia-produtiva-do-litio","status":"publish","type":"post","link":"https:\/\/diarioregionaldigital.com.br\/?p=194678","title":{"rendered":"Consulta vai mapear interessados para investimento na cadeia produtiva do l\u00edtio"},"content":{"rendered":"<p>A\u00a0<a href=\"http:\/\/www.codemge.com.br\/\" target=\"_blank\" rel=\"noopener\">Companhia de Desenvolvimento de Minas Gerais (Codemge)<\/a>\u00a0abre consulta de interesse, de 4\/2 a 7\/3, com a finalidade de receber propostas do setor privado para a aliena\u00e7\u00e3o de sua participa\u00e7\u00e3o (33,33%) na Companhia Brasileira de L\u00edtio (CBL). As informa\u00e7\u00f5es a respeito da oportunidade de investimento e os pr\u00e9-requisitos das propostas e dos interessados est\u00e3o dispon\u00edveis\u00a0<a href=\"http:\/\/www.codemge.com.br\/investidores\/\" target=\"_blank\" rel=\"noopener\">neste link<\/a>.<\/p>\n<p>\u00danica empresa brasileira produtora de carbonato e hidr\u00f3xido de l\u00edtio, a CBL \u00e9 pioneira na minera\u00e7\u00e3o subterr\u00e2nea de espodum\u00eanio no pa\u00eds \u2013 mineral que \u00e9 a principal fonte do l\u00edtio. Possui unidade de minera\u00e7\u00e3o em Ara\u00e7ua\u00ed\/MG e planta de processamento qu\u00edmico em Divisa Alegre\/MG, no Vale do Jequitinhonha. O l\u00edtio \u00e9 aplicado em diversas ind\u00fastrias, como a de baterias, f\u00e1rmacos e mobilidade el\u00e9trica.<\/p>\n<p>Para an\u00e1lise interna da consulta, os interessados devem encaminhar as seguintes informa\u00e7\u00f5es\/documentos, conforme modelos disponibilizados nos links espec\u00edficos:<\/p>\n<p>\u2022\u00a0\u00a0\u00a0\u00a0\u00a0\u00a0\u00a0\u00a0\u00a0 Carta de manifesta\u00e7\u00e3o de interesse preenchida (<a href=\"https:\/\/www.agenciaminas.mg.gov.br\/ckeditor_assets\/attachments\/13169\/05-carta-de-manifestacao-de-interesse-codemge-vf-1.docx\" target=\"_blank\" rel=\"noopener\">link<\/a>);<\/p>\n<p>\u2022\u00a0\u00a0\u00a0\u00a0\u00a0\u00a0\u00a0\u00a0\u00a0 NDA (Acordo de Confidencialidade) preenchido e assinado (<a href=\"https:\/\/www.agenciaminas.mg.gov.br\/ckeditor_assets\/attachments\/13170\/03-nda-confidencialidade-vf.docx\" target=\"_blank\" rel=\"noopener\">link<\/a>);<\/p>\n<p>\u2022\u00a0\u00a0\u00a0\u00a0\u00a0\u00a0\u00a0\u00a0\u00a0 Declara\u00e7\u00e3o de Conformidade preenchida e assinada (<a href=\"https:\/\/www.agenciaminas.mg.gov.br\/ckeditor_assets\/attachments\/13171\/04-certificado-de-conformidade-vf.docx\" target=\"_blank\" rel=\"noopener\">link<\/a>).<\/p>\n<p>&nbsp;<\/p>\n<p><u>As pessoas jur\u00eddicas tamb\u00e9m dever\u00e3o encaminhar<\/u>:<\/p>\n<p>\u2022\u00a0\u00a0\u00a0\u00a0\u00a0\u00a0\u00a0\u00a0\u00a0 Estatuto ou Contrato Social em vigor, devidamente registrado no \u00f3rg\u00e3o competente, com a(s) respectiva(s) altera\u00e7\u00e3o(es), ou \u00faltima(s) consolida\u00e7\u00e3o(es);<\/p>\n<p>\u2022\u00a0\u00a0\u00a0\u00a0\u00a0\u00a0\u00a0\u00a0\u00a0 Documenta\u00e7\u00e3o do(s) representante(s) legal(is) da pessoa jur\u00eddica interessada que comprove os devidos poderes de representa\u00e7\u00e3o, acompanhada de documento de identidade;<\/p>\n<p>\u2022\u00a0\u00a0\u00a0\u00a0\u00a0\u00a0\u00a0\u00a0\u00a0 Demonstra\u00e7\u00f5es Financeiras auditadas de 2020 ou de 2021 da pessoa jur\u00eddica interessada.<\/p>\n<p><u>As pessoas f\u00edsicas tamb\u00e9m dever\u00e3o encaminhar<\/u>:<\/p>\n<p>\u2022\u00a0\u00a0\u00a0\u00a0\u00a0\u00a0\u00a0\u00a0\u00a0 Documento de identifica\u00e7\u00e3o com foto, contendo o Cadastro de Pessoa F\u00edsica (CPF);<\/p>\n<p>\u2022\u00a0\u00a0\u00a0\u00a0\u00a0\u00a0\u00a0\u00a0\u00a0 Declara\u00e7\u00e3o Completa de Imposto de Renda (ano-base 2020 ou 2021), acompanhada de recibo de entrega.<\/p>\n<p>As manifesta\u00e7\u00f5es de interesse, acompanhadas pelos documentos descritos acima, dever\u00e3o ser enviadas at\u00e9 o fim do prazo estipulado para a Consulta P\u00fablica (7\/3\/2022).<\/p>\n<p>O envio da documenta\u00e7\u00e3o completa \u00e9 condi\u00e7\u00e3o para participa\u00e7\u00e3o do interessado nas pr\u00f3ximas etapas do procedimento competitivo de aliena\u00e7\u00e3o.<\/p>\n<p>Eventuais pedidos de informa\u00e7\u00e3o ou esclarecimento dever\u00e3o ser enviados at\u00e9 24\/2\/2022 e ser\u00e3o respondidos em at\u00e9 48 horas \u00fateis. Todas as comunica\u00e7\u00f5es e envios devem ser feitas por meio do e-mail\u00a0<a href=\"mailto:alienacaocbl@codemge.com.br\">alienacaocbl@codemge.com.br<\/a>. A Codemge divulgar\u00e1 as informa\u00e7\u00f5es referentes \u00e0 oportunidade de investimento no site institucional (<a href=\"http:\/\/www.codemge.com.br\/investidores\/\" target=\"_blank\" rel=\"noopener\">www.codemge.com.br\/investidores\/<\/a>).<\/p>\n<p><strong>Programa de Gest\u00e3o de Portf\u00f3lio<\/strong><\/p>\n<p>Com o objetivo de se tornar vetor de solu\u00e7\u00f5es para o desenvolvimento de Minas Gerais, promovendo a conex\u00e3o entre o p\u00fablico e o privado, a Codemge instituiu, em 2021, o Programa de Gest\u00e3o de Portf\u00f3lio. A a\u00e7\u00e3o, em curso, revisa a carteira de ativos com foco na simplifica\u00e7\u00e3o, na efici\u00eancia e em garantir maior retorno de iniciativas para Minas.<\/p>\n<p>O programa inclui fundos de investimentos em participa\u00e7\u00f5es, participa\u00e7\u00f5es acion\u00e1rias diretas, projetos de P&amp;D, ativos imobili\u00e1rios, direitos miner\u00e1rios, entre outros ativos. As oportunidades oferecidas a investidores s\u00e3o divulgadas pelo site da Codemge, em conformidade com a legisla\u00e7\u00e3o e com as melhores pr\u00e1ticas de mercado e de governan\u00e7a corporativa.<\/p>\n<p><strong>Codemge<\/strong><\/p>\n<p>A Codemge \u00e9 uma empresa estatal, integrante da administra\u00e7\u00e3o p\u00fablica indireta do estado de Minas Gerais, organizada sob a forma de sociedade por a\u00e7\u00f5es. Tem como miss\u00e3o contribuir para o desenvolvimento de Minas Gerais, impulsionando estrategicamente a economia mineira. Integrante do Grupo Codemge, do qual a Codemig faz parte, a companhia \u00e9 respons\u00e1vel por diversos ativos econ\u00f4micos, em v\u00e1rias frentes de atua\u00e7\u00e3o, enquanto a Codemig se dedica ao ni\u00f3bio.<\/p>\n<p>Fonte: Ag\u00eancia Minas<\/p>\n","protected":false},"excerpt":{"rendered":"<p>A\u00a0Companhia de Desenvolvimento de Minas Gerais (Codemge)\u00a0abre consulta de interesse, de 4\/2 a 7\/3, com a finalidade de receber propostas do setor privado para a aliena\u00e7\u00e3o de sua participa\u00e7\u00e3o (33,33%) na Companhia Brasileira de L\u00edtio (CBL). As informa\u00e7\u00f5es a respeito da oportunidade de investimento e os pr\u00e9-requisitos das propostas e dos interessados est\u00e3o dispon\u00edveis\u00a0neste link. [&hellip;]<\/p>\n","protected":false},"author":246,"featured_media":194679,"comment_status":"closed","ping_status":"closed","sticky":false,"template":"","format":"standard","meta":{"footnotes":""},"categories":[436,254,439],"tags":[],"class_list":["post-194678","post","type-post","status-publish","format-standard","has-post-thumbnail","hentry","category-destaque-da-semana","category-politica","category-ultima-hora"],"_links":{"self":[{"href":"https:\/\/diarioregionaldigital.com.br\/index.php?rest_route=\/wp\/v2\/posts\/194678","targetHints":{"allow":["GET"]}}],"collection":[{"href":"https:\/\/diarioregionaldigital.com.br\/index.php?rest_route=\/wp\/v2\/posts"}],"about":[{"href":"https:\/\/diarioregionaldigital.com.br\/index.php?rest_route=\/wp\/v2\/types\/post"}],"author":[{"embeddable":true,"href":"https:\/\/diarioregionaldigital.com.br\/index.php?rest_route=\/wp\/v2\/users\/246"}],"replies":[{"embeddable":true,"href":"https:\/\/diarioregionaldigital.com.br\/index.php?rest_route=%2Fwp%2Fv2%2Fcomments&post=194678"}],"version-history":[{"count":1,"href":"https:\/\/diarioregionaldigital.com.br\/index.php?rest_route=\/wp\/v2\/posts\/194678\/revisions"}],"predecessor-version":[{"id":194680,"href":"https:\/\/diarioregionaldigital.com.br\/index.php?rest_route=\/wp\/v2\/posts\/194678\/revisions\/194680"}],"wp:featuredmedia":[{"embeddable":true,"href":"https:\/\/diarioregionaldigital.com.br\/index.php?rest_route=\/wp\/v2\/media\/194679"}],"wp:attachment":[{"href":"https:\/\/diarioregionaldigital.com.br\/index.php?rest_route=%2Fwp%2Fv2%2Fmedia&parent=194678"}],"wp:term":[{"taxonomy":"category","embeddable":true,"href":"https:\/\/diarioregionaldigital.com.br\/index.php?rest_route=%2Fwp%2Fv2%2Fcategories&post=194678"},{"taxonomy":"post_tag","embeddable":true,"href":"https:\/\/diarioregionaldigital.com.br\/index.php?rest_route=%2Fwp%2Fv2%2Ftags&post=194678"}],"curies":[{"name":"wp","href":"https:\/\/api.w.org\/{rel}","templated":true}]}}