{"id":194662,"date":"2022-02-07T14:40:46","date_gmt":"2022-02-07T17:40:46","guid":{"rendered":"https:\/\/diarioregionaldigital.com.br\/?p=194662"},"modified":"2022-02-07T14:40:46","modified_gmt":"2022-02-07T17:40:46","slug":"vendas-de-veiculos-caem-385-em-janeiro-aponta-anfavea","status":"publish","type":"post","link":"https:\/\/diarioregionaldigital.com.br\/?p=194662","title":{"rendered":"Vendas de ve\u00edculos caem 38,5% em janeiro, aponta Anfavea"},"content":{"rendered":"<p>A Associa\u00e7\u00e3o Nacional de Fabricantes de Ve\u00edculos Automotores (Anfavea) anunciou que, em janeiro deste ano, foram vendidos 126,5 mil ve\u00edculos, o que representa uma queda de 38,5% em compara\u00e7\u00e3o a dezembro do ano passado. Na compara\u00e7\u00e3o com janeiro do ano passado, a retra\u00e7\u00e3o foi de 26,1,5%.<img decoding=\"async\" src=\"https:\/\/agenciabrasil.ebc.com.br\/ebc.png?id=1440836&amp;o=node\" \/><img decoding=\"async\" src=\"https:\/\/agenciabrasil.ebc.com.br\/ebc.gif?id=1440836&amp;o=node\" \/><\/p>\n<p>Ao divulgar os dados nesta segunda-feira (7), o presidente da Anfavea, Luiz Carlos Moraes, considerou a queda como relevante. \u201cFoi uma queda relevante com rela\u00e7\u00e3o a dezembro, que foi um m\u00eas muito bom, n\u00f3s puxamos bastante a produ\u00e7\u00e3o e o emplacamento, em grande parte para entregar muitos ve\u00edculos pendentes de meses anteriores por falta dos semicondutores\u201d.<\/p>\n<p>O executivo lembrou que janeiro j\u00e1 \u00e9 tradicionalmente um m\u00eas de poucas vendas no mercado de autom\u00f3veis, no entanto, destacou outros motivos para a retra\u00e7\u00e3o no m\u00eas.<\/p>\n<p>\u201cJaneiro j\u00e1 \u00e9 esperado uma queda, como acontece todos anos, mas tivemos alguma aspectos que impactaram ainda mais esse resultado, como o alto volume de emplacamento em dezembro, o desequil\u00edbrio na cadeia de suprimentos, e tivemos uma transi\u00e7\u00e3o no sistema de emplacamentos, como ve\u00edculos que foram vendidos, mas n\u00e3o foram emplacados no m\u00eas de janeiro. Mas esse tema j\u00e1 foi resolvido e o emplacamento j\u00e1 voltou ao normal em fevereiro\u201d, disse.<\/p>\n<p>Moraes disse ainda que as chuvas de ver\u00e3o e a variante \u00d4micron tamb\u00e9m foram agravantes que levaram \u00e0 maior queda nas vendas no primeiro m\u00eas do ano.\u00a0 \u201cTivemos chuvas acima da m\u00e9dia em regi\u00f5es importante como S\u00e3o Paulo, que \u00e9 o maior mercado, que impactaram na frequ\u00eancia de consumidores de lojas e inclusive fecharam algumas lojas que tiveram problemas adicionais como alagamentos em determinadas regi\u00f5es, e obviamente, a variante \u00d4micron que est\u00e1 afetando a cadeia como um todo, os fornecedores, os fabricantes e o varejo\u201d.<\/p>\n<p>Houve retra\u00e7\u00e3o ainda na produ\u00e7\u00e3o de ve\u00edculos, com queda de 31,1% com rela\u00e7\u00e3o a dezembro. Segundo o balan\u00e7o divulgado pela Anfavea, foram fabricadas 145,4 mil unidades no primeiro m\u00eas deste ano, enquanto a produ\u00e7\u00e3o em dezembro do ano passado ficou em 200,4 mil ve\u00edculos. Comparado com janeiro de 2021, a queda na produ\u00e7\u00e3o foi de 27,4 %<\/p>\n<p>Para o ano, o presidente da entidade disse que a alta da taxa de juros pode desestimular as vendas. \u201cEstamos trabalhando com uma restri\u00e7\u00e3o da oferta sim, mas na nossa previs\u00e3o do ano a gente considera o impacto da quest\u00e3o do crescimento do PIB mais t\u00edmido e do aumento da taxa de juros. \u00c9 uma mistura dos dois impactos. Em um ano normal, a gente s\u00f3 olha a demanda. Este ano ainda temos que olhar a oferta e a demanda por conta desse aumentos de juros, a capacidade da pessoa f\u00edsica de comprar, o emprego ainda n\u00e3o est\u00e1 em um n\u00edvel adequado, enfim, restri\u00e7\u00e3o na oferta e certo limite na demanda considerando o cen\u00e1rio do Brasil que temos para 2022\u201d.<\/p>\n<h2>Exporta\u00e7\u00f5es<\/h2>\n<p>As exporta\u00e7\u00f5es de autom\u00f3veis tamb\u00e9m registraram queda de 33,5% em janeiro, com rela\u00e7\u00e3o a dezembro de 2021, com a venda de 27,6 mil ve\u00edculos para fora do pa\u00eds. Com rela\u00e7\u00e3o a janeiro do ano passado, a alta foi de 6,6%, quando houve a exporta\u00e7\u00e3o de 25,9 mil unidades.<\/p>\n<h2>Caminh\u00f5es<\/h2>\n<p>A venda de caminh\u00f5es teve retra\u00e7\u00e3o de 26,8% em janeiro em compara\u00e7\u00e3o com dezembro do ano passado. Foram vendidas, no \u00faltimo m\u00eas, 8,7 mil unidades. Na compara\u00e7\u00e3o com o mesmo per\u00edodo do ano passado, a eleva\u00e7\u00e3o nas vendas de caminh\u00f5es foi de 15,5%.<\/p>\n<h2>Emprego<\/h2>\n<p>O n\u00edvel de emprego na ind\u00fastria teve alta de 0,3% em janeiro na compara\u00e7\u00e3o com o \u00faltimo m\u00eas de 2021. Na compara\u00e7\u00e3o com janeiro do ano passado, a queda foi de 2%. As fabricantes de ve\u00edculos empregavam em janeiro do ano passado 103.384 pessoas, enquanto agora tem um quadro total de 101.335\u00a0 funcion\u00e1rios.<\/p>\n<p>Fonte: Ag\u00eancia Brasil<\/p>\n","protected":false},"excerpt":{"rendered":"<p>A Associa\u00e7\u00e3o Nacional de Fabricantes de Ve\u00edculos Automotores (Anfavea) anunciou que, em janeiro deste ano, foram vendidos 126,5 mil ve\u00edculos, o que representa uma queda de 38,5% em compara\u00e7\u00e3o a dezembro do ano passado. Na compara\u00e7\u00e3o com janeiro do ano passado, a retra\u00e7\u00e3o foi de 26,1,5%. Ao divulgar os dados nesta segunda-feira (7), o presidente [&hellip;]<\/p>\n","protected":false},"author":246,"featured_media":194663,"comment_status":"closed","ping_status":"closed","sticky":false,"template":"","format":"standard","meta":{"footnotes":""},"categories":[436,261,439],"tags":[],"class_list":["post-194662","post","type-post","status-publish","format-standard","has-post-thumbnail","hentry","category-destaque-da-semana","category-economia","category-ultima-hora"],"_links":{"self":[{"href":"https:\/\/diarioregionaldigital.com.br\/index.php?rest_route=\/wp\/v2\/posts\/194662","targetHints":{"allow":["GET"]}}],"collection":[{"href":"https:\/\/diarioregionaldigital.com.br\/index.php?rest_route=\/wp\/v2\/posts"}],"about":[{"href":"https:\/\/diarioregionaldigital.com.br\/index.php?rest_route=\/wp\/v2\/types\/post"}],"author":[{"embeddable":true,"href":"https:\/\/diarioregionaldigital.com.br\/index.php?rest_route=\/wp\/v2\/users\/246"}],"replies":[{"embeddable":true,"href":"https:\/\/diarioregionaldigital.com.br\/index.php?rest_route=%2Fwp%2Fv2%2Fcomments&post=194662"}],"version-history":[{"count":1,"href":"https:\/\/diarioregionaldigital.com.br\/index.php?rest_route=\/wp\/v2\/posts\/194662\/revisions"}],"predecessor-version":[{"id":194664,"href":"https:\/\/diarioregionaldigital.com.br\/index.php?rest_route=\/wp\/v2\/posts\/194662\/revisions\/194664"}],"wp:featuredmedia":[{"embeddable":true,"href":"https:\/\/diarioregionaldigital.com.br\/index.php?rest_route=\/wp\/v2\/media\/194663"}],"wp:attachment":[{"href":"https:\/\/diarioregionaldigital.com.br\/index.php?rest_route=%2Fwp%2Fv2%2Fmedia&parent=194662"}],"wp:term":[{"taxonomy":"category","embeddable":true,"href":"https:\/\/diarioregionaldigital.com.br\/index.php?rest_route=%2Fwp%2Fv2%2Fcategories&post=194662"},{"taxonomy":"post_tag","embeddable":true,"href":"https:\/\/diarioregionaldigital.com.br\/index.php?rest_route=%2Fwp%2Fv2%2Ftags&post=194662"}],"curies":[{"name":"wp","href":"https:\/\/api.w.org\/{rel}","templated":true}]}}