{"id":194656,"date":"2022-02-07T14:32:27","date_gmt":"2022-02-07T17:32:27","guid":{"rendered":"https:\/\/diarioregionaldigital.com.br\/?p=194656"},"modified":"2022-02-07T14:32:27","modified_gmt":"2022-02-07T17:32:27","slug":"policia-militar-prende-autor-de-disparo-de-arma-de-fogo-em-cavalgada-acontecida-em-humaita","status":"publish","type":"post","link":"https:\/\/diarioregionaldigital.com.br\/?p=194656","title":{"rendered":"Pol\u00edcia Militar prende autor de disparo de arma de fogo em cavalgada acontecida em Humait\u00e1"},"content":{"rendered":"<p>No dia 06fev22 por volta das 18h30min, a Pol\u00edcia Militar foi acionada a comparecer na Estrada para Humait\u00e1 onde um indiv\u00edduo estaria efetuando disparos de arma de fogo durante uma cavalgada que estaria acontecendo. No local o fato foi confirmado, e uma discuss\u00e3o por motivos f\u00fateis que teria acontecido entre a v\u00edtima (um homem de 29 anos) e o autor (um homem de 34 anos), que foi abordado pela Pol\u00edcia Militar, tendo sido identificado como policial militar do Rio de Janeiro, recebido voz de pris\u00e3o pelo crime de disparo de arma de fogo e amea\u00e7a. A pistola cal.40 com 11 cartuchos pertencente a Institui\u00e7\u00e3o que serve foi apreendida. O fato foi comunicado a quem de direito e as provid\u00eancias cab\u00edveis foram tomadas.<\/p>\n","protected":false},"excerpt":{"rendered":"<p>No dia 06fev22 por volta das 18h30min, a Pol\u00edcia Militar foi acionada a comparecer na Estrada para Humait\u00e1 onde um indiv\u00edduo estaria efetuando disparos de arma de fogo durante uma cavalgada que estaria acontecendo. No local o fato foi confirmado, e uma discuss\u00e3o por motivos f\u00fateis que teria acontecido entre a v\u00edtima (um homem de [&hellip;]<\/p>\n","protected":false},"author":246,"featured_media":194657,"comment_status":"closed","ping_status":"closed","sticky":false,"template":"","format":"standard","meta":{"footnotes":""},"categories":[301,439],"tags":[],"class_list":["post-194656","post","type-post","status-publish","format-standard","has-post-thumbnail","hentry","category-artigos-policiais","category-ultima-hora"],"_links":{"self":[{"href":"https:\/\/diarioregionaldigital.com.br\/index.php?rest_route=\/wp\/v2\/posts\/194656","targetHints":{"allow":["GET"]}}],"collection":[{"href":"https:\/\/diarioregionaldigital.com.br\/index.php?rest_route=\/wp\/v2\/posts"}],"about":[{"href":"https:\/\/diarioregionaldigital.com.br\/index.php?rest_route=\/wp\/v2\/types\/post"}],"author":[{"embeddable":true,"href":"https:\/\/diarioregionaldigital.com.br\/index.php?rest_route=\/wp\/v2\/users\/246"}],"replies":[{"embeddable":true,"href":"https:\/\/diarioregionaldigital.com.br\/index.php?rest_route=%2Fwp%2Fv2%2Fcomments&post=194656"}],"version-history":[{"count":1,"href":"https:\/\/diarioregionaldigital.com.br\/index.php?rest_route=\/wp\/v2\/posts\/194656\/revisions"}],"predecessor-version":[{"id":194658,"href":"https:\/\/diarioregionaldigital.com.br\/index.php?rest_route=\/wp\/v2\/posts\/194656\/revisions\/194658"}],"wp:featuredmedia":[{"embeddable":true,"href":"https:\/\/diarioregionaldigital.com.br\/index.php?rest_route=\/wp\/v2\/media\/194657"}],"wp:attachment":[{"href":"https:\/\/diarioregionaldigital.com.br\/index.php?rest_route=%2Fwp%2Fv2%2Fmedia&parent=194656"}],"wp:term":[{"taxonomy":"category","embeddable":true,"href":"https:\/\/diarioregionaldigital.com.br\/index.php?rest_route=%2Fwp%2Fv2%2Fcategories&post=194656"},{"taxonomy":"post_tag","embeddable":true,"href":"https:\/\/diarioregionaldigital.com.br\/index.php?rest_route=%2Fwp%2Fv2%2Ftags&post=194656"}],"curies":[{"name":"wp","href":"https:\/\/api.w.org\/{rel}","templated":true}]}}