{"id":194641,"date":"2022-02-04T16:40:15","date_gmt":"2022-02-04T19:40:15","guid":{"rendered":"https:\/\/diarioregionaldigital.com.br\/?p=194641"},"modified":"2022-02-04T16:40:15","modified_gmt":"2022-02-04T19:40:15","slug":"reconhecimento-do-apl-do-vestuario-da-inicio-a-construcao-de-politicas-publicas-para-o-setor","status":"publish","type":"post","link":"https:\/\/diarioregionaldigital.com.br\/?p=194641","title":{"rendered":"Reconhecimento do APL do vestu\u00e1rio d\u00e1 in\u00edcio \u00e0 constru\u00e7\u00e3o de pol\u00edticas p\u00fablicas para o setor"},"content":{"rendered":"<p>Segundo informa\u00e7\u00f5es do site da Prefeitura de Juiz de Fora, importante passo para a constru\u00e7\u00e3o de pol\u00edticas p\u00fablicas voltadas a um setor tradicional da cidade, o Arranjo Produtivo Local (APL) do vestu\u00e1rio de Juiz de Fora foi oficializado pelo Governo de Minas Gerais, na \u00faltima quinta-feira, 3. Na presen\u00e7a de representantes da Prefeitura, C\u00e2mara Municipal de Juiz de Fora, Federa\u00e7\u00e3o das Ind\u00fastrias do Estado de Minas Gerais (Fiemg) e estado de Minas, o ato de reconhecimento reuniu diversos empres\u00e1rios e entidades representativas no Teatro Paschoal Carlos Magno. Foram homenageadas empresas pioneiras da cidade, Malhas Keeper; Malharia Rikam; e a Fia\u00e7\u00e3o e Tecelagem S\u00e3o Jo\u00e3o Evangelista, esta centen\u00e1ria.<\/p>\n<p>\u201cEsse setor resistiu \u00e0 desindustrializa\u00e7\u00e3o e um dos nossos grandes desafios hoje \u00e9 lutar pela reindustrializa\u00e7\u00e3o, agora, 4.0. \u00c9 essa a vis\u00e3o que estamos abra\u00e7ando para o futuro pr\u00f3ximo. Cabe \u00e0 Prefeitura transformar o APL em uma pol\u00edtica de estado, que n\u00e3o acabe com o fim do governo\u201d, destacou a prefeita Margarida Salom\u00e3o.<\/p>\n<p>\u201cTrata-se de um setor de extrema resili\u00eancia, ainda o que mais emprega na ind\u00fastria de Juiz de Fora e mant\u00e9m acesa uma marca muito importante da cidade. A cria\u00e7\u00e3o do APL \u00e9 um convite \u00e0 colabora\u00e7\u00e3o para a constru\u00e7\u00e3o de projetos comuns, para que essa marca se restabele\u00e7a com o peso que deve ter nacionalmente e at\u00e9 internacionalmente\u201d, considerou o secret\u00e1rio de Desenvolvimento Sustent\u00e1vel e Inclusivo, da Inova\u00e7\u00e3o e Competitividade, Ignacio Delgado.<\/p>\n<p>Para a representante da Governan\u00e7a do APL e da Fiemg Estadual, Mari\u00e2ngela Miranda Marcon, o reconhecimento sinaliza o in\u00edcio de um longo trabalho. \u201cO APL n\u00e3o \u00e9 s\u00f3 para a ind\u00fastria. Sozinhos n\u00e3o somos ningu\u00e9m. Agora o que estamos fazendo \u00e9 somar a for\u00e7a da ind\u00fastria com o Executivo, o Legislativo, para o que queremos para o futuro.\u201d<\/p>\n<p>\u201c\u00c9 compromisso do Governo tornar o nosso estado amigo de quem produz, o mais f\u00e1cil para se empreender no Brasil. Batemos recordes de investimentos com pol\u00edticas de desburocratiza\u00e7\u00e3o e temos, tamb\u00e9m, a pol\u00edtica do APL que ficou esquecida durante muito tempo, e agora estamos fazendo um grande trabalho para requalific\u00e1-la. Juiz de Fora volta a estar no centro de interesse de grandes investimentos, interesse de grandes empres\u00e1rios, sem se esquecer dos que est\u00e3o aqui, pequenos, m\u00e9dios, que fazem desse APL do vestu\u00e1rio extremamente relevante para a economia de Juiz de Fora e regi\u00e3o\u201d, avaliou o subsecret\u00e1rio de Desenvolvimento Regional, Douglas Cabido.<\/p>\n<p>&nbsp;<\/p>\n<p><strong>Sede cumpre agenda na cidade<\/strong><\/p>\n<p>&nbsp;<\/p>\n<p>Durante a tarde, o subsecret\u00e1rio de Desenvolvimento Regional, Douglas Cabido, e o superintendente de Desenvolvimento de Potencialidades Regionais, Frederico Amaral e Silva, da Secretaria de Desenvolvimento Econ\u00f4mico do estado (Sede), cumpriram agenda com o secret\u00e1rio Ignacio Delgado, e equipe da Sedic. Em encontro com o diretor do grupo Multiterminais, Ricardo Vega, e o gerente operacional da empresa, Alexandre Rezende, os representantes do estado conheceram as opera\u00e7\u00f5es do Porto Seco e assistiram \u00e0 apresenta\u00e7\u00e3o de um plano de atra\u00e7\u00e3o de importadores do setor t\u00eaxtil-confeccionista para a cidade.<\/p>\n<p>Ainda na ocasi\u00e3o, a\u00e7\u00f5es previstas na \u201cCarta de Juiz de Fora\u201d, entregue ao Governo do estado em dezembro, foram repassadas com o estado para a defini\u00e7\u00e3o de prioridades e entregas. A primeira delas, o reconhecimento do APL, aconteceu nesta quinta-feira.<\/p>\n","protected":false},"excerpt":{"rendered":"<p>Segundo informa\u00e7\u00f5es do site da Prefeitura de Juiz de Fora, importante passo para a constru\u00e7\u00e3o de pol\u00edticas p\u00fablicas voltadas a um setor tradicional da cidade, o Arranjo Produtivo Local (APL) do vestu\u00e1rio de Juiz de Fora foi oficializado pelo Governo de Minas Gerais, na \u00faltima quinta-feira, 3. Na presen\u00e7a de representantes da Prefeitura, C\u00e2mara Municipal [&hellip;]<\/p>\n","protected":false},"author":246,"featured_media":194642,"comment_status":"closed","ping_status":"closed","sticky":false,"template":"","format":"standard","meta":{"footnotes":""},"categories":[253,436,439],"tags":[],"class_list":["post-194641","post","type-post","status-publish","format-standard","has-post-thumbnail","hentry","category-cidade","category-destaque-da-semana","category-ultima-hora"],"_links":{"self":[{"href":"https:\/\/diarioregionaldigital.com.br\/index.php?rest_route=\/wp\/v2\/posts\/194641","targetHints":{"allow":["GET"]}}],"collection":[{"href":"https:\/\/diarioregionaldigital.com.br\/index.php?rest_route=\/wp\/v2\/posts"}],"about":[{"href":"https:\/\/diarioregionaldigital.com.br\/index.php?rest_route=\/wp\/v2\/types\/post"}],"author":[{"embeddable":true,"href":"https:\/\/diarioregionaldigital.com.br\/index.php?rest_route=\/wp\/v2\/users\/246"}],"replies":[{"embeddable":true,"href":"https:\/\/diarioregionaldigital.com.br\/index.php?rest_route=%2Fwp%2Fv2%2Fcomments&post=194641"}],"version-history":[{"count":1,"href":"https:\/\/diarioregionaldigital.com.br\/index.php?rest_route=\/wp\/v2\/posts\/194641\/revisions"}],"predecessor-version":[{"id":194643,"href":"https:\/\/diarioregionaldigital.com.br\/index.php?rest_route=\/wp\/v2\/posts\/194641\/revisions\/194643"}],"wp:featuredmedia":[{"embeddable":true,"href":"https:\/\/diarioregionaldigital.com.br\/index.php?rest_route=\/wp\/v2\/media\/194642"}],"wp:attachment":[{"href":"https:\/\/diarioregionaldigital.com.br\/index.php?rest_route=%2Fwp%2Fv2%2Fmedia&parent=194641"}],"wp:term":[{"taxonomy":"category","embeddable":true,"href":"https:\/\/diarioregionaldigital.com.br\/index.php?rest_route=%2Fwp%2Fv2%2Fcategories&post=194641"},{"taxonomy":"post_tag","embeddable":true,"href":"https:\/\/diarioregionaldigital.com.br\/index.php?rest_route=%2Fwp%2Fv2%2Ftags&post=194641"}],"curies":[{"name":"wp","href":"https:\/\/api.w.org\/{rel}","templated":true}]}}