{"id":194594,"date":"2022-02-04T15:08:19","date_gmt":"2022-02-04T18:08:19","guid":{"rendered":"https:\/\/diarioregionaldigital.com.br\/?p=194594"},"modified":"2022-02-04T15:08:19","modified_gmt":"2022-02-04T18:08:19","slug":"policia-militar-prende-autor-e-grande-quantidade-de-materiais-relacionados-ao-trafico-de-drogas-no-bairro-vila-ideal","status":"publish","type":"post","link":"https:\/\/diarioregionaldigital.com.br\/?p=194594","title":{"rendered":"Pol\u00edcia Militar prende autor e grande quantidade de materiais relacionados ao tr\u00e1fico de drogas no bairro Vila Ideal"},"content":{"rendered":"<p>No final da tarde do dia 03fev22 por volta das 16h15min durante desencadeamento de Opera\u00e7\u00e3o Policial pela Pol\u00edcia Militar, um ve\u00edculo VW Gol cor prata com ocupante suspeito foi visualizado na Rua Maria de Castro no bairro Vila Ideal. Ao perceber a presen\u00e7a policial, apesar da tentativa de fuga, foi abordado. Durante as buscas no interior do ve\u00edculo foram apreendidos 30 tabletes de maconha prensada. Em continuidade \u00e0s dilig\u00eancias, na resid\u00eancia do autor localizada na Rua Alexandre Joaquim de Siqueira, no mesmo bairro, foram encontrados e apreendidos mais materiais relacionados ao crime de tr\u00e1fico de drogas. Durante a a\u00e7\u00e3o policial, foram apreendidos ao todo: 112 barras de maconha prensada,<\/p>\n","protected":false},"excerpt":{"rendered":"<p>No final da tarde do dia 03fev22 por volta das 16h15min durante desencadeamento de Opera\u00e7\u00e3o Policial pela Pol\u00edcia Militar, um ve\u00edculo VW Gol cor prata com ocupante suspeito foi visualizado na Rua Maria de Castro no bairro Vila Ideal. Ao perceber a presen\u00e7a policial, apesar da tentativa de fuga, foi abordado. Durante as buscas no [&hellip;]<\/p>\n","protected":false},"author":246,"featured_media":194595,"comment_status":"closed","ping_status":"closed","sticky":false,"template":"","format":"standard","meta":{"footnotes":""},"categories":[301,439],"tags":[],"class_list":["post-194594","post","type-post","status-publish","format-standard","has-post-thumbnail","hentry","category-artigos-policiais","category-ultima-hora"],"_links":{"self":[{"href":"https:\/\/diarioregionaldigital.com.br\/index.php?rest_route=\/wp\/v2\/posts\/194594","targetHints":{"allow":["GET"]}}],"collection":[{"href":"https:\/\/diarioregionaldigital.com.br\/index.php?rest_route=\/wp\/v2\/posts"}],"about":[{"href":"https:\/\/diarioregionaldigital.com.br\/index.php?rest_route=\/wp\/v2\/types\/post"}],"author":[{"embeddable":true,"href":"https:\/\/diarioregionaldigital.com.br\/index.php?rest_route=\/wp\/v2\/users\/246"}],"replies":[{"embeddable":true,"href":"https:\/\/diarioregionaldigital.com.br\/index.php?rest_route=%2Fwp%2Fv2%2Fcomments&post=194594"}],"version-history":[{"count":1,"href":"https:\/\/diarioregionaldigital.com.br\/index.php?rest_route=\/wp\/v2\/posts\/194594\/revisions"}],"predecessor-version":[{"id":194596,"href":"https:\/\/diarioregionaldigital.com.br\/index.php?rest_route=\/wp\/v2\/posts\/194594\/revisions\/194596"}],"wp:featuredmedia":[{"embeddable":true,"href":"https:\/\/diarioregionaldigital.com.br\/index.php?rest_route=\/wp\/v2\/media\/194595"}],"wp:attachment":[{"href":"https:\/\/diarioregionaldigital.com.br\/index.php?rest_route=%2Fwp%2Fv2%2Fmedia&parent=194594"}],"wp:term":[{"taxonomy":"category","embeddable":true,"href":"https:\/\/diarioregionaldigital.com.br\/index.php?rest_route=%2Fwp%2Fv2%2Fcategories&post=194594"},{"taxonomy":"post_tag","embeddable":true,"href":"https:\/\/diarioregionaldigital.com.br\/index.php?rest_route=%2Fwp%2Fv2%2Ftags&post=194594"}],"curies":[{"name":"wp","href":"https:\/\/api.w.org\/{rel}","templated":true}]}}